{"id":96,"date":"2025-06-01T19:34:48","date_gmt":"2025-06-01T18:34:48","guid":{"rendered":"https:\/\/harcum.am\/?p=96"},"modified":"2025-06-01T19:34:49","modified_gmt":"2025-06-01T18:34:49","slug":"milionar-vyhodil-tehotnou-zenu-ale-ta-se-vratila-a-zpusob-jakym-se-pomstila-sokoval-vsechny","status":"publish","type":"post","link":"https:\/\/harcum.am\/?p=96","title":{"rendered":"Milion\u00e1\u0159 vyhodil t\u011bhotnou \u017eenu\u2026 Ale ta se vr\u00e1tila \u2014 a zp\u016fsob, jak\u00fdm se pomstila, \u0161okoval v\u0161echny!"},"content":{"rendered":"\n<p>Ve sv\u011bt\u011b luxusu, vlivu a chladn\u00e9 moci, kde bohatstv\u00ed slou\u017e\u00ed jako \u0161t\u00edt p\u0159ed d\u016fsledky a nespravedlnost se skr\u00fdv\u00e1 za sklem a mramorem, se odehr\u00e1l p\u0159\u00edb\u011bh, kter\u00fd nikdo ne\u010dekal.<\/p>\n\n\n\n<p>V\u0161echno za\u010dalo v penthousu s v\u00fdhledem na nebe nad Chicagem. Majitelem byl Benjamin Ward \u2014 mu\u017e, kter\u00fd si brut\u00e1ln\u00ed p\u0159esnost\u00ed podmanil sv\u011bt financ\u00ed. Sv\u00e9 bohatstv\u00ed vybudoval s\u00e1m a byl pova\u017eov\u00e1n za g\u00e9nia v byznysu. Ale za drah\u00fdmi obleky a dokonale volen\u00fdmi slovy se skr\u00fdvala chladnost. Neprojevoval emoce, ani pro n\u011b nem\u011bl ve sv\u00e9m \u017eivot\u011b m\u00edsto.<\/p>\n\n\n\n<p>Pak se objevila Clara Monroe.<\/p>\n\n\n\n<p>Clara nebyla sou\u010d\u00e1st\u00ed toho sv\u011bta. Nechodila na gala ve\u010dery, nest\u00fdkala se s elitou. Byla kur\u00e1torkou um\u011bn\u00ed \u2014 v\u00e1\u0161niv\u00e1, up\u0159\u00edmn\u00e1, oddan\u00e1 kr\u00e1se a pravd\u011b. Setkali se na charitativn\u00ed akci, kde prezentovala svou v\u00fdstavu \u017eensk\u00fdch autorek. On tam byl n\u00e1hodou.<\/p>\n\n\n\n<p>Jejich pohledy se setkaly \u2014 a v\u0161echno za\u010dalo.<\/p>\n\n\n\n<p>L\u00e1ska se rozv\u00edjela ti\u0161e, ale siln\u011b. Claru nefascinovalo jeho bohatstv\u00ed, ale inteligence, kterou rozpoznala za jeho chladn\u00fdma o\u010dima. Benjamin, zvykl\u00fd, \u017ee mu v\u0161ichni p\u0159ikyvuj\u00ed, byl p\u0159itahov\u00e1n \u017eenou, kter\u00e1 se neb\u00e1la \u0159\u00edct \u201ene\u201c.<\/p>\n\n\n\n<p>Ale v\u0161echno se zm\u011bnilo, kdy\u017e mu Clara ozn\u00e1mila, \u017ee je t\u011bhotn\u00e1.<\/p>\n\n\n\n<p>V\u00fdraz jeho tv\u00e1\u0159e se zm\u011bnil. Hlas z\u016fstal chladn\u00fd:<\/p>\n\n\n\n<p>\u201eV\u011bd\u011bla jsi, \u017ee nechci d\u011bti.\u201c<\/p>\n\n\n\n<p>Clara tomu nemohla uv\u011b\u0159it. Sna\u017eila se mu p\u0159ipomenout noci pln\u00e9 n\u011bhy, rozhovory o budoucnosti. Ale on u\u017e byl jinde.<\/p>\n\n\n\n<p>\u201eTo nen\u00ed sou\u010d\u00e1st\u00ed m\u00e9ho pl\u00e1nu,\u201c \u0159ekl. A vyhodil ji.<\/p>\n\n\n\n<p>Bez podpory. Bez vysv\u011btlen\u00ed. Bez emoc\u00ed. Odejela s kufrem \u2014 a d\u00edt\u011btem v sob\u011b.<\/p>\n\n\n\n<p>Co Benjamin nev\u011bd\u011bl, bylo, \u017ee Clara ho nebude o nic prosit. Jej\u00ed pomsta bude tich\u00e1 \u2014 ale velkolep\u00e1.<\/p>\n\n\n\n<p>Zmizela z jeho sv\u011bta. P\u0159est\u011bhovala se do mal\u00e9ho m\u011bsta ve st\u00e1t\u011b New York, kde porodila dceru Avu. Ale Clara se nevzdala. Naopak, za\u010dala nov\u00fd \u017eivot \u2014 a novou misi.<\/p>\n\n\n\n<figure class=\"wp-block-image size-full\"><img loading=\"lazy\" decoding=\"async\" width=\"1024\" height=\"995\" src=\"https:\/\/harcum.am\/wp-content\/uploads\/2025\/06\/7411.jpeg\" alt=\"\" class=\"wp-image-97\" srcset=\"https:\/\/harcum.am\/wp-content\/uploads\/2025\/06\/7411.jpeg 1024w, https:\/\/harcum.am\/wp-content\/uploads\/2025\/06\/7411-300x292.jpeg 300w, https:\/\/harcum.am\/wp-content\/uploads\/2025\/06\/7411-768x746.jpeg 768w\" sizes=\"auto, (max-width: 1024px) 100vw, 1024px\" \/><\/figure>\n\n\n\n<p>S vyu\u017eit\u00edm sv\u00fdch znalost\u00ed o um\u011bn\u00ed zalo\u017eila digit\u00e1ln\u00ed platformu \u2014 <strong>Resilience<\/strong> \u2014 kde propagovala d\u00edla \u017een, zejm\u00e9na svobodn\u00fdch matek a marginalizovan\u00fdch autorek. Skrze pr\u00e1ci, v\u00e1\u0161e\u0148 a autenti\u010dnost se platforma stala kulturn\u00ed vlnou. Investo\u0159i ji podpo\u0159ili. Jeden \u010dl\u00e1nek v popul\u00e1rn\u00edm magaz\u00ednu z n\u00ed ud\u011blal hv\u011bzdu. Za dva roky m\u011bla Resilience hodnotu p\u0159es 40 milion\u016f dolar\u016f.<\/p>\n\n\n\n<p>A Clara? U\u017e to nebyla ta \u017eena, kterou vyhodil.<\/p>\n\n\n\n<p>Zlom nastal na charitativn\u00edm galave\u010deru na Manhattanu. Benjamin tam byl jako v\u017edy \u2014 v centru pozornosti. Ale tentokr\u00e1t nebyl hlavn\u00edm sponzorem on \u2014 n\u00fdbr\u017e <strong>Resilience<\/strong>.<\/p>\n\n\n\n<p>Clara p\u0159i\u0161la pozd\u011b. V elegantn\u00edch \u0161atech, s hlavou vzty\u010denou, dr\u017e\u00edc malou Avu za ruku. V s\u00e1le zavl\u00e1dlo ticho. Lid\u00e9, kte\u0159\u00ed si j\u00ed d\u0159\u00edve nev\u0161\u00edmali, z n\u00ed nemohli spustit o\u010di. Benjamin ji uvid\u011bl. A on\u011bm\u011bl.<\/p>\n\n\n\n<p>Nep\u0159i\u0161la k n\u011bmu. Nic mu ne\u0159ekla. Jen vykro\u010dila na p\u00f3dium, kdy\u017e ji pozvali.<\/p>\n\n\n\n<p>\u201e\u0158\u00edkali mi, \u017ee sem nepat\u0159\u00edm,\u201c za\u010dala. \u201e\u017de mate\u0159stv\u00ed je p\u0159\u00edt\u011b\u017e. \u017de ambice mus\u00ed b\u00fdt chladn\u00e1. Dnes tu stoj\u00edm, abych \u0159ekla: my si sv\u00e1 m\u00edsta budujeme samy. A otev\u00edr\u00e1me je t\u011bm, kter\u00e9 byly zapomenuty.\u201c<\/p>\n\n\n\n<p>Potlesk byl bou\u0159liv\u00fd. Up\u0159\u00edmn\u00fd. Pravda zn\u011bla siln\u011b. A Benjamin sed\u011bl v tichu.<\/p>\n\n\n\n<p>O n\u011bkolik m\u011bs\u00edc\u016f pozd\u011bji byla op\u011bt v novin\u00e1ch. Skrze s\u00ed\u0165 investor\u016f Clara odkoupila pod\u00edl v Benjaminov\u011b firm\u011b. Stala se sou\u010d\u00e1st\u00ed sv\u011bta, ze kter\u00e9ho ji kdysi vyhodili.<\/p>\n\n\n\n<p>Nikdy ne\u017e\u00e1dala v\u00fd\u017eivn\u00e9. Neza\u017ealovala ho. Ne\u0161pinila jeho jm\u00e9no na ve\u0159ejnosti. Jej\u00ed pomstou byl <strong>\u00fasp\u011bch<\/strong>. Klid. Hrdost.<\/p>\n\n\n\n<p>A zanechala poselstv\u00ed, kter\u00e9 zn\u011blo hlasit\u011b:<\/p>\n\n\n\n<p>M\u016f\u017ee\u0161 odm\u00edtnout \u017eenu. I kdy\u017e v sob\u011b nos\u00ed \u017eivot. Ale pokud ji podcen\u00ed\u0161 \u2014 jednoho dne ji uvid\u00ed\u0161 sed\u011bt v \u010dele stolu, u kter\u00e9ho sis myslel, \u017ee m\u00e1\u0161 m\u00edsto jen ty.<\/p>\n\n\n\n<p><\/p>\n","protected":false},"excerpt":{"rendered":"Ve sv\u011bt\u011b luxusu, vlivu a chladn\u00e9 moci, kde bohatstv\u00ed slou\u017e\u00ed jako \u0161t\u00edt p\u0159ed d\u016fsledky a nespravedlnost se skr\u00fdv\u00e1 za sklem a mramorem, se \n<a class=\"moretag\" href=\"https:\/\/harcum.am\/?p=96\"> [...]<\/a>","protected":false},"author":1,"featured_media":97,"comment_status":"open","ping_status":"open","sticky":false,"template":"","format":"standard","meta":{"footnotes":""},"categories":[1],"tags":[],"class_list":["post-96","post","type-post","status-publish","format-standard","has-post-thumbnail","hentry","category-news"],"views":2712,"_links":{"self":[{"href":"https:\/\/harcum.am\/index.php?rest_route=\/wp\/v2\/posts\/96","targetHints":{"allow":["GET"]}}],"collection":[{"href":"https:\/\/harcum.am\/index.php?rest_route=\/wp\/v2\/posts"}],"about":[{"href":"https:\/\/harcum.am\/index.php?rest_route=\/wp\/v2\/types\/post"}],"author":[{"embeddable":true,"href":"https:\/\/harcum.am\/index.php?rest_route=\/wp\/v2\/users\/1"}],"replies":[{"embeddable":true,"href":"https:\/\/harcum.am\/index.php?rest_route=%2Fwp%2Fv2%2Fcomments&post=96"}],"version-history":[{"count":1,"href":"https:\/\/harcum.am\/index.php?rest_route=\/wp\/v2\/posts\/96\/revisions"}],"predecessor-version":[{"id":98,"href":"https:\/\/harcum.am\/index.php?rest_route=\/wp\/v2\/posts\/96\/revisions\/98"}],"wp:featuredmedia":[{"embeddable":true,"href":"https:\/\/harcum.am\/index.php?rest_route=\/wp\/v2\/media\/97"}],"wp:attachment":[{"href":"https:\/\/harcum.am\/index.php?rest_route=%2Fwp%2Fv2%2Fmedia&parent=96"}],"wp:term":[{"taxonomy":"category","embeddable":true,"href":"https:\/\/harcum.am\/index.php?rest_route=%2Fwp%2Fv2%2Fcategories&post=96"},{"taxonomy":"post_tag","embeddable":true,"href":"https:\/\/harcum.am\/index.php?rest_route=%2Fwp%2Fv2%2Ftags&post=96"}],"curies":[{"name":"wp","href":"https:\/\/api.w.org\/{rel}","templated":true}]}}