{"id":93,"date":"2025-06-01T19:18:07","date_gmt":"2025-06-01T18:18:07","guid":{"rendered":"https:\/\/harcum.am\/?p=93"},"modified":"2025-06-01T19:18:08","modified_gmt":"2025-06-01T18:18:08","slug":"kdy-se-uroda-prestehovala-do-mesta","status":"publish","type":"post","link":"https:\/\/harcum.am\/?p=93","title":{"rendered":"Kdy se \u00faroda p\u0159est\u011bhovala do m\u011bsta"},"content":{"rendered":"\n<p>Kdy\u017e se p\u0159est\u011bhovali do m\u011bsta, Kiril si nemohl p\u0159esn\u011b vzpomenout, kdy za\u010dal c\u00edtit, \u017ee mu v\u0161echno vad\u00ed. Nebylo to n\u00e1hle, ani dramatick\u00e9. P\u0159ich\u00e1zelo to ti\u0161e, pomalu, jako studen\u00fd vzduch, kter\u00fd se propl\u00ed\u017e\u00ed zav\u0159en\u00fdmi dve\u0159mi. O\u017eenil se, proto\u017ee&#8230; u\u017e bylo na \u010dase. Matka mu neust\u00e1le opakovala: \u201eU\u017e ti skoro t\u0159icet. V\u0161ichni tvoji p\u0159\u00e1tel\u00e9 maj\u00ed rodiny. Chci vnou\u010data.\u201c<\/p>\n\n\n\n<p>Nakonec podlehl.<\/p>\n\n\n\n<p>Jelena, jeho man\u017eelka, nebyla \u0161patn\u00e1 osoba. Nek\u0159i\u010dela. Nepoh\u00e1dala se. Ale ani ne\u017eila. \u010casto spala do pozdn\u00edho r\u00e1na, zabalena v dece na gau\u010di, jako nevy\u0159\u010den\u00e1 vzpom\u00ednka. Kiril j\u00ed n\u011bkdy nechal trochu j\u00eddla na stole, ne\u017e \u0161el do pr\u00e1ce. Neprobudila se. Kdy\u017e se ve\u010der vr\u00e1til, p\u0159iv\u00edtal ho ticho. Sv\u011btlo, kter\u00e9 neh\u0159\u00e1lo. D\u016fm, ve kter\u00e9m se nec\u00edtil doma.<\/p>\n\n\n\n<p>A pak se objevila Larisa.<\/p>\n\n\n\n<p>Nep\u0159i\u0161la kv\u016fli ni\u010demu zvl\u00e1\u0161tn\u00edmu \u2014 jen, aby pomohla na dvorku. Mal\u00e1 zahrada za domem byla d\u00e1vno zanedban\u00e1. Larisa na prvn\u00ed pohled nebyla nic zvl\u00e1\u0161tn\u00edho. Ani p\u0159\u00edli\u0161 kr\u00e1sn\u00e1, ani n\u00e1padn\u00e1. Ale m\u011bla v sob\u011b n\u011bco hluboce klidn\u00e9ho. Nemusela mluvit mnoho, a kdy\u017e mluvila, jej\u00ed slova byla tich\u00e1 a tepl\u00e1. M\u011bla jednoduchost, kter\u00e1 uklid\u0148ovala. P\u0159\u00edtomnost, kter\u00e1 t\u011b neudusila, ale l\u00e9\u010dila.<\/p>\n\n\n\n<p>Kiril ji \u010d\u00edm d\u00e1l \u010dast\u011bji hledal pohledem. Nach\u00e1zel v\u00fdmluvy, aby \u0161el na zahradu. Vypr\u00e1v\u011bla mu o rostlin\u00e1ch, o de\u0161ti, o tom, jak zem\u011b v\u00ed, kdy je \u010das rodit. A n\u011bjak, v t\u011bch kr\u00e1tk\u00fdch rozhovorech, za\u010dalo o\u017e\u00edvat n\u011bco, co si myslel, \u017ee u\u017e d\u00e1vno ztratil.<\/p>\n\n\n\n<p>V dom\u011b bylo v\u0161echno stejn\u00e9. Stejn\u011b studen\u00e9. Stejn\u011b vzd\u00e1len\u00e9.<\/p>\n\n\n\n<p>Jednoho ve\u010dera st\u00e1l p\u0159ed dve\u0159mi a d\u00edval se skrz okno. Sv\u011btlo bylo zapnut\u00e9. Ale nevolalo ho dovnit\u0159. Nebylo to sv\u011btlo domova. Byla to jen elektrick\u00e1 energie v pr\u00e1zdn\u00e9 m\u00edstnosti.<\/p>\n\n\n\n<p>A pak&#8230; ode\u0161el. Bez slova. Bez pl\u00e1nu. Jen nohy, kter\u00e9 kr\u00e1\u010dely.<\/p>\n\n\n\n<p>Mo\u017en\u00e1 \u0161el za Larisou. Mo\u017en\u00e1 ut\u00edkal p\u0159ed sebou. Nev\u011bd\u011bl. Jen v\u011bd\u011bl, \u017ee u\u017e to takhle d\u00e1l nejde.<\/p>\n\n\n\n<p>Druh\u00fd den r\u00e1no, kdy\u017e se vr\u00e1til, n\u011bco bylo jinak.<\/p>\n\n\n\n<figure class=\"wp-block-image size-large\"><img loading=\"lazy\" decoding=\"async\" width=\"935\" height=\"1024\" src=\"https:\/\/harcum.am\/wp-content\/uploads\/2025\/06\/7777-935x1024.jpg\" alt=\"\" class=\"wp-image-94\" srcset=\"https:\/\/harcum.am\/wp-content\/uploads\/2025\/06\/7777-935x1024.jpg 935w, https:\/\/harcum.am\/wp-content\/uploads\/2025\/06\/7777-274x300.jpg 274w, https:\/\/harcum.am\/wp-content\/uploads\/2025\/06\/7777-768x841.jpg 768w, https:\/\/harcum.am\/wp-content\/uploads\/2025\/06\/7777-1403x1536.jpg 1403w, https:\/\/harcum.am\/wp-content\/uploads\/2025\/06\/7777.jpg 1870w\" sizes=\"auto, (max-width: 935px) 100vw, 935px\" \/><\/figure>\n\n\n\n<p>M\u011bsto vypadalo pr\u00e1zdn\u011b.<\/p>\n\n\n\n<p>Trh byl pr\u00e1zdn\u00fd. Balkony bled\u00e9. V\u016fn\u011b pe\u010diva \u2014 zmizela. Lid\u00e9 na tv\u00e1\u0159\u00edch \u2014 unaven\u00ed. Jako by \u017eivot p\u0159es noc zmizel. Jako by \u00faroda \u2014 ve\u0161ker\u00e1 ta \u017eivotn\u00ed energie \u2014 opustila zemi.<\/p>\n\n\n\n<p>Ale pak si v\u0161iml jednoho jednoduch\u00e9ho detailu: jedin\u00e1 zahrada, kter\u00e1 kvetla \u2014 byla ta jeho. Ta, kterou Larisa pe\u010dovala.<\/p>\n\n\n\n<p>Raj\u010data, kter\u00e1 \u010dervenala. Bylinky, kter\u00e9 von\u011bly l\u00e9tem. Zelen\u00e1 sv\u011b\u017eest v ka\u017ed\u00e9m rohu. \u017divot. N\u011bco, co roste, n\u011bco, co se nevzd\u00e1v\u00e1.<\/p>\n\n\n\n<p>Jelena tam nebyla. Mo\u017en\u00e1 \u0161la k matce. Mo\u017en\u00e1 u\u017e d\u00e1vno pochopila to, co on te\u010f vid\u011bl.<\/p>\n\n\n\n<p>Larisa byla tam. Nemluvila. Nesm\u00e1hla se. Jen mu podala jablko. \u010cerven\u00e9. Dokonal\u00e9.<\/p>\n\n\n\n<p>Kiril vzal jablko do rukou. D\u00edval se na n\u011bj dlouho, jako na n\u011bco svat\u00e9ho. Sklonil se na zem. A \u2014 rozplakal se.<\/p>\n\n\n\n<p>Ne kv\u016fli Jelen\u011b. Ne kv\u016fli konci man\u017eelstv\u00ed. Ale kv\u016fli v\u0161em t\u011bm let\u016fm, kdy se nec\u00edtil \u017eiv\u00fd.<\/p>\n\n\n\n<p>Ten den pochopil n\u011bco jednoduch\u00e9ho, ale hlubok\u00e9ho: \u00faroda nikdy neode\u0161la. Jen \u0161la tam, kde je p\u00e9\u010de. Kde je pozornost. Kde je l\u00e1ska.<\/p>\n\n\n\n<p>L\u00e1ska \u2014 stejn\u011b jako zahrada \u2014 nevyroste z povinnosti. Kvete tam, kde je \u017e\u00e1d\u00e1na.<\/p>\n\n\n\n<p>A n\u011bkdy, v\u0161e, co mus\u00edme ud\u011blat, abychom ji vr\u00e1tili \u2014 je p\u0159estat ut\u00edkat.<\/p>\n","protected":false},"excerpt":{"rendered":"Kdy\u017e se p\u0159est\u011bhovali do m\u011bsta, Kiril si nemohl p\u0159esn\u011b vzpomenout, kdy za\u010dal c\u00edtit, \u017ee mu v\u0161echno vad\u00ed. Nebylo to n\u00e1hle, ani dramatick\u00e9. P\u0159ich\u00e1zelo \n<a class=\"moretag\" href=\"https:\/\/harcum.am\/?p=93\"> [...]<\/a>","protected":false},"author":1,"featured_media":94,"comment_status":"open","ping_status":"open","sticky":false,"template":"","format":"standard","meta":{"footnotes":""},"categories":[1],"tags":[],"class_list":["post-93","post","type-post","status-publish","format-standard","has-post-thumbnail","hentry","category-news"],"views":759,"_links":{"self":[{"href":"https:\/\/harcum.am\/index.php?rest_route=\/wp\/v2\/posts\/93","targetHints":{"allow":["GET"]}}],"collection":[{"href":"https:\/\/harcum.am\/index.php?rest_route=\/wp\/v2\/posts"}],"about":[{"href":"https:\/\/harcum.am\/index.php?rest_route=\/wp\/v2\/types\/post"}],"author":[{"embeddable":true,"href":"https:\/\/harcum.am\/index.php?rest_route=\/wp\/v2\/users\/1"}],"replies":[{"embeddable":true,"href":"https:\/\/harcum.am\/index.php?rest_route=%2Fwp%2Fv2%2Fcomments&post=93"}],"version-history":[{"count":1,"href":"https:\/\/harcum.am\/index.php?rest_route=\/wp\/v2\/posts\/93\/revisions"}],"predecessor-version":[{"id":95,"href":"https:\/\/harcum.am\/index.php?rest_route=\/wp\/v2\/posts\/93\/revisions\/95"}],"wp:featuredmedia":[{"embeddable":true,"href":"https:\/\/harcum.am\/index.php?rest_route=\/wp\/v2\/media\/94"}],"wp:attachment":[{"href":"https:\/\/harcum.am\/index.php?rest_route=%2Fwp%2Fv2%2Fmedia&parent=93"}],"wp:term":[{"taxonomy":"category","embeddable":true,"href":"https:\/\/harcum.am\/index.php?rest_route=%2Fwp%2Fv2%2Fcategories&post=93"},{"taxonomy":"post_tag","embeddable":true,"href":"https:\/\/harcum.am\/index.php?rest_route=%2Fwp%2Fv2%2Ftags&post=93"}],"curies":[{"name":"wp","href":"https:\/\/api.w.org\/{rel}","templated":true}]}}