{"id":90,"date":"2025-06-01T19:09:58","date_gmt":"2025-06-01T18:09:58","guid":{"rendered":"https:\/\/harcum.am\/?p=90"},"modified":"2025-06-01T19:09:59","modified_gmt":"2025-06-01T18:09:59","slug":"kvety-na-hrobe-pribeh-ktery-zmenil-zivot","status":"publish","type":"post","link":"https:\/\/harcum.am\/?p=90","title":{"rendered":"Kv\u011bty na hrob\u011b: P\u0159\u00edb\u011bh, kter\u00fd zm\u011bnil \u017eivot"},"content":{"rendered":"\n<p>Kdy\u017e si Michal v\u0161iml, \u017ee kv\u011btiny z hrobu jeho zesnul\u00e9 man\u017eelky miz\u00ed, nemohl pochopit pro\u010d. N\u011bkolik t\u00fddn\u016f po sob\u011b p\u0159ich\u00e1zel na h\u0159bitov s \u010derstvou kytic\u00ed chryzant\u00e9m \u2013 jej\u00edch obl\u00edben\u00fdch \u2013 a poka\u017ed\u00e9 na\u0161el jen holou, vlhkou zem pokrytou zvadl\u00fdmi listy. Nevypadalo to jako d\u00edlo v\u011btru nebo de\u0161t\u011b. N\u011bkdo je odn\u00e1\u0161el.<\/p>\n\n\n\n<p>Michal byl pe\u010dliv\u00fd a organizovan\u00fd \u010dlov\u011bk. Rozhodl se nainstalovat kameru. Opatrn\u011b ji skryl do star\u00e9ho v\u011bnce p\u0159iv\u00e1zan\u00e9ho k \u017eelezn\u00e9mu plotu vedle pomn\u00edku. Tu noc nemohl usnout. Ne ze strachu, ale kv\u016fli nep\u0159\u00edjemn\u00e9mu pocitu, kter\u00fd nedok\u00e1zal vysv\u011btlit. Nebyl pov\u011br\u010div\u00fd, ale n\u011bco mu ned\u00e1valo klid.<\/p>\n\n\n\n<p>Po t\u0159ech dnech byla karta z kamery pln\u00e1. Vr\u00e1til se dom\u016f, vlo\u017eil ji do notebooku a pustil z\u00e1znam.<\/p>\n\n\n\n<p>To, co uvid\u011bl, ho nechalo beze slov.<\/p>\n\n\n\n<p>Na obrazovce se objevila star\u00e1 \u017eena. Shrben\u00e1, v obno\u0161en\u00e9m kab\u00e1tu a s vln\u011bn\u00fdm \u0161\u00e1tkem p\u0159ehozen\u00fdm p\u0159es ramena. Pomalu p\u0159istoupila k hrobu, opatrn\u011b vzala \u010derstv\u00e9 kv\u011btiny, p\u0159itiskla je k sob\u011b\u2026 a ode\u0161la. V druh\u00e9 ruce dr\u017eela mal\u00fd, ru\u010dn\u011b vyroben\u00fd v\u011bnec \u2014 z uvadl\u00fdch poln\u00edch kv\u011btin a vybledl\u00fdch stu\u017eek. Polo\u017eila ho na pomn\u00edk, ti\u0161e se poklonila a ode\u0161la.<\/p>\n\n\n\n<p>Michal si z\u00e1znam prohl\u00e9dl n\u011bkolikr\u00e1t. Nebylo tam \u017e\u00e1dn\u00e9 ni\u010den\u00ed, \u017e\u00e1dn\u00fd vandalismus. Ta \u017eena nekradla \u2013 vykon\u00e1vala sv\u016fj tich\u00fd ob\u0159ad. Nejprve pomyslel, \u017ee to nahl\u00e1s\u00ed spr\u00e1v\u011b h\u0159bitova. Ale pak se rozhodl, \u017ee p\u016fjde s\u00e1m. Cht\u011bl ji vid\u011bt.<\/p>\n\n\n\n<p>\u010cekal v aut\u011b. Hust\u00fd d\u00e9\u0161\u0165 ti\u0161e bubnoval na okno. Bylo za p\u011bt osm, kdy\u017e se z mlhy vyno\u0159ila silueta. Vystoupil a \u0161el k n\u00ed. Zastavila se, kdy\u017e ho uvid\u011bla, ale nevypadala vyd\u011b\u0161en\u011b.<\/p>\n\n\n\n<p>\u201ePro\u010d to d\u011bl\u00e1te?\u201c zeptal se klidn\u011b, ale pevn\u011b.<\/p>\n\n\n\n<p>\u201eOdpus\u0165 mi, d\u00edt\u011b,\u201c \u0159ekla ti\u0161e. \u201eNem\u00e1m u\u017e nikoho. Nezlod\u011bj\u00edm\u2026 va\u0161e kv\u011btiny vypadaj\u00ed, jako by byly pr\u00e1v\u011b koupen\u00e9. A na hrob\u011b m\u00e9ho Ljo\u0161i nen\u00ed nic. Zanech\u00e1v\u00e1m v\u00e1m v\u011bnec, kter\u00fd sama pletu. S \u00factou, opravdu.\u201c<\/p>\n\n\n\n<p>Michal c\u00edtil, jak se mu sv\u00edr\u00e1 hrdlo. Ljo\u0161a\u2026 tak se jmenoval jeho kamar\u00e1d z d\u011btstv\u00ed, kter\u00fd zem\u0159el p\u0159i dopravn\u00ed nehod\u011b p\u0159ed mnoha lety. Nikdy nezjistil, kde byl poh\u0159ben. Te\u010f pochopil \u2013 na hrob\u011b hned vedle jeho man\u017eelky.<\/p>\n\n\n\n<p>Pohl\u00e9dl na v\u011bnec. Byl jednoduch\u00fd, skromn\u00fd, ale ud\u011blan\u00fd s l\u00e1skou.<\/p>\n\n\n\n<figure class=\"wp-block-image size-large\"><img loading=\"lazy\" decoding=\"async\" width=\"1024\" height=\"599\" src=\"https:\/\/harcum.am\/wp-content\/uploads\/2025\/06\/10000-1024x599.jpg\" alt=\"\" class=\"wp-image-91\" srcset=\"https:\/\/harcum.am\/wp-content\/uploads\/2025\/06\/10000-1024x599.jpg 1024w, https:\/\/harcum.am\/wp-content\/uploads\/2025\/06\/10000-300x176.jpg 300w, https:\/\/harcum.am\/wp-content\/uploads\/2025\/06\/10000-768x449.jpg 768w, https:\/\/harcum.am\/wp-content\/uploads\/2025\/06\/10000-752x440.jpg 752w, https:\/\/harcum.am\/wp-content\/uploads\/2025\/06\/10000.jpg 1504w\" sizes=\"auto, (max-width: 1024px) 100vw, 1024px\" \/><\/figure>\n\n\n\n<p>Tehdy pochopil: l\u00e1sku nelze zak\u00e1zat. Ani kdy\u017e se projevuje tak skromn\u011b \u2013 p\u0159em\u00edst\u011bn\u00edm kv\u011btin z jednoho hrobu na druh\u00fd.<\/p>\n\n\n\n<p>Od toho dne nosil Michal dv\u011b kytice. Jednu pro svou man\u017eelku. A jednu pro Ljo\u0161u. Tu \u017eenu u\u017e nikdy nespat\u0159il, ale v\u011bd\u011bl, \u017ee tam st\u00e1le chod\u00ed. A u\u017e se neb\u00e1l, \u017ee kv\u011btiny zmiz\u00ed.<\/p>\n\n\n\n<p>Vzpom\u00ednka nen\u00ed k\u00e1men. Je to to, co d\u011bl\u00e1me.<\/p>\n\n\n\n<p>Michal\u016fv p\u0159\u00edb\u011bh je hluboce dojemn\u00fd. P\u0159ipom\u00edn\u00e1, \u017ee i ve sv\u011bt\u011b pln\u00e9m ztr\u00e1t, ticha a chladu lidsk\u00e9 city nezanikaj\u00ed. L\u00e1ska, \u00facta, p\u00e9\u010de \u2013 nemaj\u00ed datum spot\u0159eby. N\u011bkdy je nach\u00e1z\u00edme na t\u011bch nejne\u010dekan\u011bj\u0161\u00edch m\u00edstech: mezi dv\u011bma hroby, v ru\u010dn\u011b pleten\u00e9m v\u011bnci, ve slze nezn\u00e1m\u00e9ho \u010dlov\u011bka.<\/p>\n\n\n\n<p>A mo\u017en\u00e1, jednoho dne, n\u011bkdo polo\u017e\u00ed kv\u011btinu i na n\u00e1\u0161 hrob. Ne z povinnosti. Ale proto\u017ee si vzpomene.<\/p>\n","protected":false},"excerpt":{"rendered":"Kdy\u017e si Michal v\u0161iml, \u017ee kv\u011btiny z hrobu jeho zesnul\u00e9 man\u017eelky miz\u00ed, nemohl pochopit pro\u010d. N\u011bkolik t\u00fddn\u016f po sob\u011b p\u0159ich\u00e1zel na h\u0159bitov s \n<a class=\"moretag\" href=\"https:\/\/harcum.am\/?p=90\"> [...]<\/a>","protected":false},"author":1,"featured_media":91,"comment_status":"open","ping_status":"open","sticky":false,"template":"","format":"standard","meta":{"footnotes":""},"categories":[1],"tags":[],"class_list":["post-90","post","type-post","status-publish","format-standard","has-post-thumbnail","hentry","category-news"],"views":1180,"_links":{"self":[{"href":"https:\/\/harcum.am\/index.php?rest_route=\/wp\/v2\/posts\/90","targetHints":{"allow":["GET"]}}],"collection":[{"href":"https:\/\/harcum.am\/index.php?rest_route=\/wp\/v2\/posts"}],"about":[{"href":"https:\/\/harcum.am\/index.php?rest_route=\/wp\/v2\/types\/post"}],"author":[{"embeddable":true,"href":"https:\/\/harcum.am\/index.php?rest_route=\/wp\/v2\/users\/1"}],"replies":[{"embeddable":true,"href":"https:\/\/harcum.am\/index.php?rest_route=%2Fwp%2Fv2%2Fcomments&post=90"}],"version-history":[{"count":1,"href":"https:\/\/harcum.am\/index.php?rest_route=\/wp\/v2\/posts\/90\/revisions"}],"predecessor-version":[{"id":92,"href":"https:\/\/harcum.am\/index.php?rest_route=\/wp\/v2\/posts\/90\/revisions\/92"}],"wp:featuredmedia":[{"embeddable":true,"href":"https:\/\/harcum.am\/index.php?rest_route=\/wp\/v2\/media\/91"}],"wp:attachment":[{"href":"https:\/\/harcum.am\/index.php?rest_route=%2Fwp%2Fv2%2Fmedia&parent=90"}],"wp:term":[{"taxonomy":"category","embeddable":true,"href":"https:\/\/harcum.am\/index.php?rest_route=%2Fwp%2Fv2%2Fcategories&post=90"},{"taxonomy":"post_tag","embeddable":true,"href":"https:\/\/harcum.am\/index.php?rest_route=%2Fwp%2Fv2%2Ftags&post=90"}],"curies":[{"name":"wp","href":"https:\/\/api.w.org\/{rel}","templated":true}]}}