{"id":87,"date":"2025-06-01T18:58:40","date_gmt":"2025-06-01T17:58:40","guid":{"rendered":"https:\/\/harcum.am\/?p=87"},"modified":"2025-06-01T18:58:41","modified_gmt":"2025-06-01T17:58:41","slug":"muz-nasel-opustene-kote-ale-kdyz-se-na-nej-veterinar-podival-zblizka-zbledl-sokem","status":"publish","type":"post","link":"https:\/\/harcum.am\/?p=87","title":{"rendered":"Mu\u017e na\u0161el opu\u0161t\u011bn\u00e9 kot\u011b\u2026 Ale kdy\u017e se na n\u011bj veterin\u00e1\u0159 pod\u00edval zbl\u00edzka \u2014 zbledl \u0161okem!"},"content":{"rendered":"\n<p>V\u0161echno za\u010dalo tich\u00fdm, slab\u00fdm m\u0148ouk\u00e1n\u00edm. V jedn\u00e9 opu\u0161t\u011bn\u00e9 uli\u010dce za m\u00edstn\u00edm obchodem, mezi kontejnery a pap\u00edrem, se oz\u00fdval zvuk, kter\u00fd by v\u011bt\u0161ina lid\u00ed ignorovala. Ale ne Daniel \u2014 38let\u00fd truhl\u00e1\u0159 s m\u00edrnou povahou a velk\u00fdm srdcem.<\/p>\n\n\n\n<p>Zastavil se. Naslouchal. A vydal se do tmy.<\/p>\n\n\n\n<p>Pod mokr\u00fdmi kartony, mezi lahvemi a zapomenut\u00fdm odpadem, le\u017eelo mal\u00e9, zanedban\u00e9 kot\u011b. Bled\u00e9, vystra\u0161en\u00e9, s jedn\u00edm zav\u0159en\u00fdm okem a slepenou, \u0161pinavou srst\u00ed. Ale i tak slab\u00e9, kdy\u017e se Daniel p\u0159ibl\u00ed\u017eil, zvedlo hlavu. Pod\u00edvalo se na n\u011bj. Jako by prosilo o \u0161anci.<\/p>\n\n\n\n<p>Bez zav\u00e1h\u00e1n\u00ed ho Daniel zabalil do sv\u00e9 ko\u0161ile a za\u0161eptal:<br><strong>\u201eTe\u010f jsi v bezpe\u010d\u00ed.\u201c<\/strong><\/p>\n\n\n\n<p>Tehdy je\u0161t\u011b netu\u0161il, \u017ee nezachra\u0148uje jen zv\u00ed\u0159e \u2014 ale stane se sou\u010d\u00e1st\u00ed n\u011b\u010deho mnohem v\u011bt\u0161\u00edho.<\/p>\n\n\n\n<hr class=\"wp-block-separator has-alpha-channel-opacity\"\/>\n\n\n\n<p><strong>Noc pln\u00e1 ticha a nad\u011bje<\/strong><\/p>\n\n\n\n<p>Ten ve\u010der, ve sv\u00e9m mal\u00e9m byt\u011b, Daniel kot\u011b jemn\u011b omyl teplou vodou. Krmil ho ml\u00e9kem ze st\u0159\u00edka\u010dky. Nespal \u2014 neust\u00e1le ho zah\u0159\u00edval. Kot\u011b se p\u0159itisklo k jeho hrudi, jako by kone\u010dn\u011b na\u0161lo m\u00edsto, kter\u00e9 von\u00ed klidem.<\/p>\n\n\n\n<p>R\u00e1no, poprv\u00e9, kot\u011b ti\u0161e m\u0148ouklo. Otev\u0159elo i druh\u00e9 oko. A Daniel domluvil n\u00e1v\u0161t\u011bvu u veterin\u00e1\u0159e.<\/p>\n\n\n\n<p>\u010cekal b\u011b\u017enou prohl\u00eddku. Vakc\u00edny. Rady k p\u00e9\u010di. Ale m\u00edsto toho usly\u0161el n\u011bco, na co nikdy nezapomene.<\/p>\n\n\n\n<hr class=\"wp-block-separator has-alpha-channel-opacity\"\/>\n\n\n\n<p><strong>Prohl\u00eddka, kter\u00e1 \u0161okovala i veterin\u00e1\u0159ku<\/strong><\/p>\n\n\n\n<p>Doktorka Stevanovsk\u00e1, zku\u0161en\u00e1 veterin\u00e1\u0159ka s dvacetiletou prax\u00ed, kot\u011b pe\u010dliv\u011b prohl\u00ed\u017eela. Ale najednou se jej\u00ed v\u00fdraz zm\u011bnil.<\/p>\n\n\n\n<p>Pou\u017eila speci\u00e1ln\u00ed n\u00e1stroje, UV sv\u011btlo, mikroskop. Pak se pod\u00edvala na Daniela s v\u00e1\u017en\u00fdm v\u00fdrazem.<\/p>\n\n\n\n<p>\u2014 \u201eTohle nen\u00ed oby\u010dejn\u00e9 kot\u011b,\u201c \u0159ekla ti\u0161e.<\/p>\n\n\n\n<p>\u2014 \u201eJak to mysl\u00edte?\u201c zeptal se zmaten\u011b.<\/p>\n\n\n\n<p>\u2014 \u201eM\u00e1 vz\u00e1cn\u00fd genetick\u00fd k\u00f3d. Stavbu kost\u00ed, tvar o\u010d\u00ed, reflexy\u2026 V\u0161echno nasv\u011bd\u010duje tomu, \u017ee jde o hybrid \u2014 mezi dom\u00e1c\u00ed ko\u010dkou a divok\u00fdm druhem, kter\u00fd byl dlouho pova\u017eov\u00e1n za vyhynul\u00fd.\u201c<\/p>\n\n\n\n<hr class=\"wp-block-separator has-alpha-channel-opacity\"\/>\n\n\n\n<p><strong>V\u011bdeck\u00fd \u0161ok<\/strong><\/p>\n\n\n\n<p>DNA testy to potvrdily: kot\u011b bylo p\u0159irozen\u00fdm hybridem dom\u00e1c\u00ed ko\u010dky a evropsk\u00e9 divok\u00e9 ko\u010dky \u2014 zv\u00ed\u0159ete, kter\u00e9 bylo na Balk\u00e1n\u011b po desetilet\u00ed pova\u017eov\u00e1no za vyhynul\u00e9. Posledn\u00ed ofici\u00e1ln\u00ed pozorov\u00e1n\u00ed bylo zaznamen\u00e1no t\u00e9m\u011b\u0159 p\u0159ed 60 lety.<\/p>\n\n\n\n<p>Zpr\u00e1va se roz\u0161\u00ed\u0159ila. Biologov\u00e9, ekologov\u00e9, novin\u00e1\u0159i \u2014 v\u0161ichni cht\u011bli b\u00fdt sou\u010d\u00e1st\u00ed p\u0159\u00edb\u011bhu. N\u011bkte\u0159\u00ed nab\u00edzeli pen\u00edze, jin\u00ed rozhovory. Daniel v\u0161echno odm\u00edtl.<\/p>\n\n\n\n<p>\u2014 \u201eNezachr\u00e1nil jsem vz\u00e1cn\u00fd exempl\u00e1\u0159. Zachr\u00e1nil jsem \u017eivou bytost,\u201c odpov\u011bd\u011bl skromn\u011b.<\/p>\n\n\n\n<p>Kot\u011b pojmenoval <strong>Echo<\/strong> \u2014 \u201eproto\u017ee to bylo jako ozv\u011bna p\u0159\u00edrody, kter\u00e1 st\u00e1le ti\u0161e existuje vedle n\u00e1s.\u201c<\/p>\n\n\n\n<hr class=\"wp-block-separator has-alpha-channel-opacity\"\/>\n\n\n\n<p><strong>Kot\u011b, jak\u00e9 jste je\u0161t\u011b nevid\u011bli<\/strong><\/p>\n\n\n\n<p>Jak rostl, Echo projevoval mimo\u0159\u00e1dnou inteligenci. Reagoval rychleji ne\u017e jak\u00e9koli kot\u011b, kter\u00e9 Daniel kdy vid\u011bl. \u0160plhal po st\u011bn\u00e1ch, reagoval na nejmen\u0161\u00ed zvuky, nikdy nespou\u0161t\u011bl o\u010di ze sv\u00e9ho majitele.<\/p>\n\n\n\n<p>A ti dva \u2014 \u010dlov\u011bk a kot\u011b \u2014 vytvo\u0159ili pouto, kter\u00e9 se ned\u00e1 slovy popsat.<\/p>\n\n\n\n<p>\u2014 \u201eNen\u00ed t\u0159eba vysv\u011btlovat. Na\u0161li jsme se,\u201c \u0159\u00edk\u00e1val Daniel.<\/p>\n\n\n\n<figure class=\"wp-block-image size-full\"><img loading=\"lazy\" decoding=\"async\" width=\"1006\" height=\"1024\" src=\"https:\/\/harcum.am\/wp-content\/uploads\/2025\/06\/5222.jpeg\" alt=\"\" class=\"wp-image-88\" srcset=\"https:\/\/harcum.am\/wp-content\/uploads\/2025\/06\/5222.jpeg 1006w, https:\/\/harcum.am\/wp-content\/uploads\/2025\/06\/5222-295x300.jpeg 295w, https:\/\/harcum.am\/wp-content\/uploads\/2025\/06\/5222-768x782.jpeg 768w\" sizes=\"auto, (max-width: 1006px) 100vw, 1006px\" \/><\/figure>\n\n\n\n<hr class=\"wp-block-separator has-alpha-channel-opacity\"\/>\n\n\n\n<p><strong>Nov\u00fd za\u010d\u00e1tek pro oba<\/strong><\/p>\n\n\n\n<p>S pomoc\u00ed biolog\u016f za\u010dal Daniel spolupracovat na v\u00fdzkumn\u00e9m projektu. Echo byl prvn\u00ed d\u016fkaz, \u017ee tento druh mo\u017en\u00e1 nen\u00ed vyhynul\u00fd. Ale byl p\u0159\u00edli\u0161 mlad\u00fd a p\u0159\u00edli\u0161 p\u0159ipoutan\u00fd k \u010dlov\u011bku, ne\u017e aby mohl b\u00fdt vr\u00e1cen do divo\u010diny.<\/p>\n\n\n\n<p>M\u00edsto toho se stal symbolem. Tich\u00e9 s\u00edly p\u0159\u00edrody. Toho, co neum\u00edr\u00e1 \u2014 jen se skr\u00fdv\u00e1.<\/p>\n","protected":false},"excerpt":{"rendered":"V\u0161echno za\u010dalo tich\u00fdm, slab\u00fdm m\u0148ouk\u00e1n\u00edm. V jedn\u00e9 opu\u0161t\u011bn\u00e9 uli\u010dce za m\u00edstn\u00edm obchodem, mezi kontejnery a pap\u00edrem, se oz\u00fdval zvuk, kter\u00fd by v\u011bt\u0161ina lid\u00ed \n<a class=\"moretag\" href=\"https:\/\/harcum.am\/?p=87\"> [...]<\/a>","protected":false},"author":1,"featured_media":88,"comment_status":"open","ping_status":"open","sticky":false,"template":"","format":"standard","meta":{"footnotes":""},"categories":[1],"tags":[],"class_list":["post-87","post","type-post","status-publish","format-standard","has-post-thumbnail","hentry","category-news"],"views":2586,"_links":{"self":[{"href":"https:\/\/harcum.am\/index.php?rest_route=\/wp\/v2\/posts\/87","targetHints":{"allow":["GET"]}}],"collection":[{"href":"https:\/\/harcum.am\/index.php?rest_route=\/wp\/v2\/posts"}],"about":[{"href":"https:\/\/harcum.am\/index.php?rest_route=\/wp\/v2\/types\/post"}],"author":[{"embeddable":true,"href":"https:\/\/harcum.am\/index.php?rest_route=\/wp\/v2\/users\/1"}],"replies":[{"embeddable":true,"href":"https:\/\/harcum.am\/index.php?rest_route=%2Fwp%2Fv2%2Fcomments&post=87"}],"version-history":[{"count":1,"href":"https:\/\/harcum.am\/index.php?rest_route=\/wp\/v2\/posts\/87\/revisions"}],"predecessor-version":[{"id":89,"href":"https:\/\/harcum.am\/index.php?rest_route=\/wp\/v2\/posts\/87\/revisions\/89"}],"wp:featuredmedia":[{"embeddable":true,"href":"https:\/\/harcum.am\/index.php?rest_route=\/wp\/v2\/media\/88"}],"wp:attachment":[{"href":"https:\/\/harcum.am\/index.php?rest_route=%2Fwp%2Fv2%2Fmedia&parent=87"}],"wp:term":[{"taxonomy":"category","embeddable":true,"href":"https:\/\/harcum.am\/index.php?rest_route=%2Fwp%2Fv2%2Fcategories&post=87"},{"taxonomy":"post_tag","embeddable":true,"href":"https:\/\/harcum.am\/index.php?rest_route=%2Fwp%2Fv2%2Ftags&post=87"}],"curies":[{"name":"wp","href":"https:\/\/api.w.org\/{rel}","templated":true}]}}