{"id":74,"date":"2025-05-31T18:33:26","date_gmt":"2025-05-31T17:33:26","guid":{"rendered":"https:\/\/harcum.am\/?p=74"},"modified":"2025-05-31T18:33:28","modified_gmt":"2025-05-31T17:33:28","slug":"nezajima-me-co-si-lide-mysli-o-me-manzelce","status":"publish","type":"post","link":"https:\/\/harcum.am\/?p=74","title":{"rendered":"\u201eNezaj\u00edm\u00e1 m\u011b, co si lid\u00e9 mysl\u00ed o m\u00e9 man\u017eelce.\u201c"},"content":{"rendered":"\n<p>Tato slova, vysloven\u00e1 klidn\u00fdm, ale pevn\u00fdm hlasem, zazn\u011bla m\u00e9dii, na soci\u00e1ln\u00edch s\u00edt\u00edch a v televizn\u00edch studi\u00edch. Vyslovil je jeden z nejcharismati\u010dt\u011bj\u0161\u00edch herc\u016f sv\u00e9 generace \u2013 mu\u017e zn\u00e1m\u00fd nejen sv\u00fdm talentem na filmov\u00e9m pl\u00e1tn\u011b, ale tak\u00e9 svou lidskost\u00ed a integritou. T\u011bmito slovy nevy\u017eadoval potlesk, ale pevn\u011b se postavil za l\u00e1sku sv\u00e9ho \u017eivota \u2013 \u017eenu, se kterou je ji\u017e v\u00edce ne\u017e t\u0159i desetilet\u00ed.<\/p>\n\n\n\n<p>\u017dijeme ve sv\u011bt\u011b, kde vzhled je \u010dasto d\u016fle\u017eit\u011bj\u0161\u00ed ne\u017e podstata. Vztahy jsou vystavov\u00e1ny jako trofeje a l\u00e1ska je \u010dasto m\u011b\u0159ena podle povrchn\u00edch standard\u016f. V t\u00e9to dob\u011b neust\u00e1l\u00e9ho propojen\u00ed a ve\u0159ejn\u00e9ho hodnocen\u00ed soukrom\u00e9ho \u017eivota jeho slova zn\u00ed jako \u010din odvahy. Nejde jen o prohl\u00e1\u0161en\u00ed \u2013 jsou to slova vyjad\u0159uj\u00edc\u00ed l\u00e1sku, kter\u00e1 trv\u00e1, kter\u00e1 se buduje a kter\u00e1 se odm\u00edt\u00e1 pod\u0159\u00eddit n\u00e1zor\u016fm druh\u00fdch.<\/p>\n\n\n\n<figure class=\"wp-block-gallery has-nested-images columns-default is-cropped wp-block-gallery-1 is-layout-flex wp-block-gallery-is-layout-flex\">\n<figure class=\"wp-block-image size-large\"><img loading=\"lazy\" decoding=\"async\" width=\"855\" height=\"1024\" data-id=\"75\" src=\"https:\/\/harcum.am\/wp-content\/uploads\/2025\/05\/9999-855x1024.jpg\" alt=\"\" class=\"wp-image-75\" srcset=\"https:\/\/harcum.am\/wp-content\/uploads\/2025\/05\/9999-855x1024.jpg 855w, https:\/\/harcum.am\/wp-content\/uploads\/2025\/05\/9999-250x300.jpg 250w, https:\/\/harcum.am\/wp-content\/uploads\/2025\/05\/9999-768x920.jpg 768w, https:\/\/harcum.am\/wp-content\/uploads\/2025\/05\/9999-1283x1536.jpg 1283w, https:\/\/harcum.am\/wp-content\/uploads\/2025\/05\/9999.jpg 1710w\" sizes=\"auto, (max-width: 855px) 100vw, 855px\" \/><\/figure>\n<\/figure>\n\n\n\n<p>L\u00e1ska, kter\u00e1 roste mimo reflektory<br>Jeho man\u017eelka, \u017eena, kter\u00e1 stoj\u00ed mimo sv\u011bt sl\u00e1vy a glamouru, byla po l\u00e9ta ter\u010dem koment\u00e1\u0159\u016f, \u017ee \u201eneodpov\u00edd\u00e1\u201c obrazu, kter\u00fd ve\u0159ejnost m\u00e1 o partnerce slavn\u00e9ho mu\u017ee. Nen\u00ed modelkou, nevy\u017eaduje pozornost, nepublikuje luxusn\u00ed \u017eivot na soci\u00e1ln\u00edch s\u00edt\u00edch. Ale m\u00e1 n\u011bco cenn\u011bj\u0161\u00edho \u2013 byla tam, kdy\u017e on byl nikdo. Byla jeho podporou, p\u0159\u00edtelkyn\u00ed, spole\u010dn\u00edkem, matkou jeho d\u011bt\u00ed a jeho tich\u00fdm \u00fato\u010di\u0161t\u011bm.<\/p>\n\n\n\n<p>V rozhovoru herec vypr\u00e1v\u011bl, jak se sezn\u00e1mili: on bojoval o role, ona pracovala v knihkupectv\u00ed. L\u00e1ska vznikla p\u0159es rozhovory, knihy, spole\u010dn\u00e9 ve\u010de\u0159e, ticha napln\u011bn\u00e1 porozum\u011bn\u00edm. Kdy\u017e p\u0159i\u0161la sl\u00e1va \u2013 nic se nezm\u011bnilo. Nebyli to \u017e\u00e1dn\u00ed smlouvy, nebylo to \u017e\u00e1dn\u00e9 p\u0159edstaven\u00ed. Jen rozhodnut\u00ed \u2013 ka\u017ed\u00fd den se znovu rozhodnout pro sebe navz\u00e1jem.<\/p>\n\n\n\n<p>L\u00e1ska, kter\u00e1 nevy\u017eaduje potvrzen\u00ed<br>V dob\u011b, kdy je oslavov\u00e1na ml\u00e1d\u00ed, \u201edokonal\u00e9 t\u011blo\u201c a filtrovan\u00e1 realita, jejich vztah vypad\u00e1 jako n\u011bco z jin\u00e9ho sv\u011bta. Ale pr\u00e1v\u011b proto je tak siln\u00fd. Nevy\u017eaduje pozornost, ale inspiruje. Nen\u00ed to spekt\u00e1kl \u2013 je to hlubok\u00e9, tich\u00e9 oddanost. L\u00e1ska bez glamouru, ale s prav\u00fdm teplem a loajalitou.<\/p>\n\n\n\n<p>A pr\u00e1v\u011b proto tento p\u0159\u00edb\u011bh n\u011bkoho znepokojuje \u2013 proto\u017ee ukazuje, \u017ee l\u00e1ska nemus\u00ed b\u00fdt dokonal\u00e1, aby byla skute\u010dn\u00e1. Je to volba. Je to porozum\u011bn\u00ed. Je to p\u0159\u00edtomnost. Ve sv\u011bt\u011b, kde je rozchod \u010dastou zpr\u00e1vou a v\u011brnost vz\u00e1cn\u00fdm jevem, jejich p\u0159\u00edklad ukazuje, \u017ee trval\u00e1 l\u00e1ska nen\u00ed m\u00fdtus \u2013 je to mo\u017enost.<\/p>\n\n\n\n<p>Mluvit znamen\u00e1 milovat<br>Postavit se a ve\u0159ejn\u011b br\u00e1nit svou man\u017eelku znamen\u00e1 uznat jej\u00ed hodnotu nejen jako man\u017eelky zn\u00e1m\u00e9ho mu\u017ee, ale i jako osobnosti. Mohl ml\u010det. Ale neud\u011blal to. Rozhodl se mluvit. Rozhodl se \u0159\u00edci: \u201eJsem s n\u00ed, proto\u017ee ji miluji \u2013 ne proto, \u017ee by ji m\u011bl n\u011bkdo jin\u00fd schv\u00e1lit.\u201c<\/p>\n\n\n\n<p>Tato slova nebyl \u00fatok, ale deklarace. D\u016fkaz, \u017ee l\u00e1ska se nem\u011b\u0159\u00ed podle pohled\u016f ostatn\u00edch, ale podle toho, jak jsme p\u0159ipraveni se starat, odpou\u0161t\u011bt a z\u016fstat.<\/p>\n\n\n\n<p>Pou\u010den\u00ed pro v\u0161echny generace<br>Mlad\u00e9 generace, vyr\u016fstaj\u00edc\u00ed s rychl\u00fdmi sch\u016fzkami, virtu\u00e1ln\u00edmi vztahy a iluzemi dokonalosti, se mohou z tohoto p\u0159\u00edb\u011bhu nau\u010dit n\u011bco d\u016fle\u017eit\u00e9ho: \u017ee l\u00e1ska je v\u00edc ne\u017e p\u0159ita\u017elivost. \u017de se buduje \u010dasem, d\u016fv\u011brou, rozhodnut\u00edm b\u00fdt s n\u011bk\u00fdm, i kdy\u017e to nen\u00ed snadn\u00e9. \u017de kr\u00e1sa nen\u00ed jen na povrchu \u2013 ale v charakteru, v gestech, v tom, co nen\u00ed vid\u011bt na obr\u00e1zku.<\/p>\n\n\n\n<p>Tento p\u0159\u00edb\u011bh nen\u00ed jen o zn\u00e1m\u00e9m herci a jeho man\u017eelce. Je to sv\u011bdectv\u00ed o tom, \u017ee l\u00e1ska m\u016f\u017ee b\u00fdt skute\u010dn\u00e1. \u017de nemus\u00ed b\u00fdt hlasit\u00e1, aby byla hlubok\u00e1. \u017de stoj\u00ed za to milovat \u2013 ne pro o\u010di druh\u00fdch, ale pro klid, kter\u00fd tento vztah p\u0159in\u00e1\u0161\u00ed.<\/p>\n\n\n\n<p>Na z\u00e1v\u011br, l\u00e1ska, kter\u00e1 trv\u00e1, nemus\u00ed b\u00fdt vir\u00e1ln\u00ed \u2013 mus\u00ed b\u00fdt skute\u010dn\u00e1. A slova \u201eNezaj\u00edm\u00e1 m\u011b, co si lid\u00e9 mysl\u00ed o m\u00e9 man\u017eelce\u201c z\u016fst\u00e1vaj\u00ed v pam\u011bti \u2013 jako p\u0159ipom\u00ednka, \u017ee l\u00e1ska m\u016f\u017ee b\u00fdt odv\u00e1\u017en\u00e1, v\u011brn\u00e1 a v\u011b\u010dn\u00e1.<\/p>\n","protected":false},"excerpt":{"rendered":"Tato slova, vysloven\u00e1 klidn\u00fdm, ale pevn\u00fdm hlasem, zazn\u011bla m\u00e9dii, na soci\u00e1ln\u00edch s\u00edt\u00edch a v televizn\u00edch studi\u00edch. Vyslovil je jeden z nejcharismati\u010dt\u011bj\u0161\u00edch herc\u016f sv\u00e9 \n<a class=\"moretag\" href=\"https:\/\/harcum.am\/?p=74\"> [...]<\/a>","protected":false},"author":1,"featured_media":75,"comment_status":"open","ping_status":"open","sticky":false,"template":"","format":"standard","meta":{"footnotes":""},"categories":[1],"tags":[],"class_list":["post-74","post","type-post","status-publish","format-standard","has-post-thumbnail","hentry","category-news"],"views":885,"_links":{"self":[{"href":"https:\/\/harcum.am\/index.php?rest_route=\/wp\/v2\/posts\/74","targetHints":{"allow":["GET"]}}],"collection":[{"href":"https:\/\/harcum.am\/index.php?rest_route=\/wp\/v2\/posts"}],"about":[{"href":"https:\/\/harcum.am\/index.php?rest_route=\/wp\/v2\/types\/post"}],"author":[{"embeddable":true,"href":"https:\/\/harcum.am\/index.php?rest_route=\/wp\/v2\/users\/1"}],"replies":[{"embeddable":true,"href":"https:\/\/harcum.am\/index.php?rest_route=%2Fwp%2Fv2%2Fcomments&post=74"}],"version-history":[{"count":1,"href":"https:\/\/harcum.am\/index.php?rest_route=\/wp\/v2\/posts\/74\/revisions"}],"predecessor-version":[{"id":76,"href":"https:\/\/harcum.am\/index.php?rest_route=\/wp\/v2\/posts\/74\/revisions\/76"}],"wp:featuredmedia":[{"embeddable":true,"href":"https:\/\/harcum.am\/index.php?rest_route=\/wp\/v2\/media\/75"}],"wp:attachment":[{"href":"https:\/\/harcum.am\/index.php?rest_route=%2Fwp%2Fv2%2Fmedia&parent=74"}],"wp:term":[{"taxonomy":"category","embeddable":true,"href":"https:\/\/harcum.am\/index.php?rest_route=%2Fwp%2Fv2%2Fcategories&post=74"},{"taxonomy":"post_tag","embeddable":true,"href":"https:\/\/harcum.am\/index.php?rest_route=%2Fwp%2Fv2%2Ftags&post=74"}],"curies":[{"name":"wp","href":"https:\/\/api.w.org\/{rel}","templated":true}]}}