{"id":70,"date":"2025-05-31T17:51:01","date_gmt":"2025-05-31T16:51:01","guid":{"rendered":"https:\/\/harcum.am\/?p=70"},"modified":"2025-05-31T17:51:02","modified_gmt":"2025-05-31T16:51:02","slug":"cena-pece-jak-jsem-pochopila-ze-laska-neni-vzdy-opetovana-laskou","status":"publish","type":"post","link":"https:\/\/harcum.am\/?p=70","title":{"rendered":"Cena p\u00e9\u010de: Jak jsem pochopila, \u017ee l\u00e1ska nen\u00ed v\u017edy op\u011btov\u00e1na l\u00e1skou"},"content":{"rendered":"\n<p>Moje dcera porodila syna. Radost byla nesm\u00edrn\u00e1 \u2014 vnou\u010de se stalo nov\u00fdm sluncem v na\u0161em \u017eivot\u011b. Ka\u017ed\u00fd jeho \u00fasm\u011bv, ka\u017ed\u00fd zvuk, ka\u017ed\u00fd pohyb byl z\u00e1zrak. Ale \u0161t\u011bst\u00ed brzy nahradily povinnosti \u2014 m\u00e1 dcera m\u011bla v\u00e1\u017enou pr\u00e1ci s odpov\u011bdnostmi, kter\u00e9 j\u00ed nedovolily dlouhou mate\u0159skou dovolenou.<\/p>\n\n\n\n<p>Bez v\u00e1h\u00e1n\u00ed jsem p\u0159evzala p\u00e9\u010di. Ka\u017ed\u00fd den p\u0159esn\u011b v osm r\u00e1no jsem p\u0159ich\u00e1zela k n\u00ed dom\u016f a z\u016fst\u00e1vala do \u0161esti ve\u010der. Myla jsem, krmila, kol\u00e9bala, prala, \u017eehlila, chodila na proch\u00e1zky.<\/p>\n\n\n\n<p>Stala jsem se druhou matkou sv\u00e9ho vnuka. S l\u00e1skou, s oddanost\u00ed, cel\u00fdm sv\u00fdm srdcem. A ne\u010dekala jsem nic na opl\u00e1tku. Myslela jsem, \u017ee l\u00e1ska sta\u010d\u00ed.<\/p>\n\n\n\n<p>Ale v\u0161echno se zm\u011bnilo v jedin\u00e9m okam\u017eiku.<\/p>\n\n\n\n<figure class=\"wp-block-image size-full\"><img loading=\"lazy\" decoding=\"async\" width=\"526\" height=\"701\" src=\"https:\/\/harcum.am\/wp-content\/uploads\/2025\/05\/8888.jpg\" alt=\"\" class=\"wp-image-71\" srcset=\"https:\/\/harcum.am\/wp-content\/uploads\/2025\/05\/8888.jpg 526w, https:\/\/harcum.am\/wp-content\/uploads\/2025\/05\/8888-225x300.jpg 225w\" sizes=\"auto, (max-width: 526px) 100vw, 526px\" \/><\/figure>\n\n\n\n<p>Jednoho dne, po dlouh\u00e9 proch\u00e1zce, mokr\u00e1 a unaven\u00e1, jsem otev\u0159ela ledni\u010dku, abych si vzala trochu s\u00fdra a jedno jablko. Mal\u00e9 j\u00eddlo, jen tolik, abych mohla pokra\u010dovat v dni. Ale tehdy jsem usly\u0161ela svou dceru:<\/p>\n\n\n\n<p>\u2014 Neber nic z ledni\u010dky. Ty v\u011bci jsme koupili za na\u0161e pen\u00edze.<\/p>\n\n\n\n<p>Zastavila jsem se. Nerozum\u011bla jsem. Myslela jsem, \u017ee si d\u011bl\u00e1 legraci. Ale jej\u00ed t\u00f3n byl chladn\u00fd, v\u00fdraz v\u00e1\u017en\u00fd.<\/p>\n\n\n\n<p>\u2014 Ale\u2026 jsem s miminkem cel\u00fd den. Co m\u00e1m j\u00edst? \u2014 zeptala jsem se zmaten\u011b.<\/p>\n\n\n\n<p>\u2014 Kupuj si sv\u00e9 a nos si je. Nejsme restaurace \u2014 odpov\u011bd\u011bla a ode\u0161la.<\/p>\n\n\n\n<p>C\u00edtila jsem se jako nepozvan\u00fd host. Nebo je\u0161t\u011b h\u016f\u0159 \u2014 jako n\u011bkdo, koho vyu\u017e\u00edvaj\u00ed. D\u00edvala jsem se do ledni\u010dky, ale nevid\u011bla jsem j\u00eddlo. Vid\u011bla jsem lhostejnost. Vid\u011bla jsem n\u011bco, co bol\u00ed v\u00edc ne\u017e jak\u00e1koli \u00fanava.<\/p>\n\n\n\n<p>Uv\u011bdomila jsem si, \u017ee jsem vychovala dceru, kter\u00e1 nerozum\u00ed, co je vd\u011b\u010dnost.<\/p>\n\n\n\n<p>Tu noc jsem nespala. Srdce m\u011b bolelo. Ne kv\u016fli s\u00fdru, ne kv\u016fli jablku. Ale kv\u016fli chladu, kter\u00fd jsem c\u00edtila od vlastn\u00edho d\u00edt\u011bte. Po v\u0161ech ob\u011btech, po v\u0161ech probd\u011bl\u00fdch noc\u00edch, po v\u0161ech dnech v de\u0161ti i slunci \u2014 z\u016fstala jsem bez toho nejz\u00e1kladn\u011bj\u0161\u00edho: \u00facty.<\/p>\n\n\n\n<p>Druh\u00fd den r\u00e1no jsem nep\u0159i\u0161la. Telefon zvonil, ale nebrala jsem to. Cht\u011bla jsem, aby pochopila \u2014 ne ze vzdoru, ale aby se nau\u010dila.<\/p>\n\n\n\n<p>Po dvou dnech p\u0159i\u0161la. S vnukem v n\u00e1ru\u010d\u00ed, unaven\u00e1 a ve stresu. \u0158ekla mi, \u017ee to sama nezvl\u00e1dne, \u017ee je to pro ni t\u011b\u017ek\u00e9, \u017ee ji to mrz\u00ed. Ml\u010dela jsem. Ne ze zlosti, ale ze smutku. Tato slova nesmazala to, co jsem c\u00edtila.<\/p>\n\n\n\n<p>Dohodly jsme se: budu pom\u00e1hat d\u00e1l, ale s jasn\u00fdmi hranicemi. Jsem \u010dlov\u011bk, ne slu\u017eba. L\u00e1ska by nem\u011bla b\u00fdt br\u00e1na jako samoz\u0159ejmost.<\/p>\n\n\n\n<p>Toto nen\u00ed p\u0159\u00edb\u011bh o genera\u010dn\u00edm konfliktu. Toto je p\u0159\u00edb\u011bh o lidskosti. O hodnot\u011b p\u00e9\u010de. O tom, \u017ee rodina nen\u00ed jen krev \u2014 je to tak\u00e9 \u00facta, vd\u011b\u010dnost a porozum\u011bn\u00ed.<\/p>\n\n\n\n<p>Nic nepo\u017eaduji. Ale pokud se l\u00e1ska st\u00e1v\u00e1 b\u0159emenem a dobrota se po\u010d\u00edt\u00e1 na s\u00fdr a jablko, pak je n\u011bco \u0161patn\u011b.<\/p>\n\n\n\n<p>N\u011bkdy mus\u00ed i ta nejmiluj\u00edc\u00ed babi\u010dka p\u0159ipomenout: nen\u00ed ch\u016fva. Je matka, je \u010dlov\u011bk, je srdce, kter\u00e9 bije pro v\u0161echny. A to srdce by nem\u011blo b\u00fdt ran\u011bno. Nikdy.<\/p>\n","protected":false},"excerpt":{"rendered":"Moje dcera porodila syna. Radost byla nesm\u00edrn\u00e1 \u2014 vnou\u010de se stalo nov\u00fdm sluncem v na\u0161em \u017eivot\u011b. Ka\u017ed\u00fd jeho \u00fasm\u011bv, ka\u017ed\u00fd zvuk, ka\u017ed\u00fd pohyb \n<a class=\"moretag\" href=\"https:\/\/harcum.am\/?p=70\"> [...]<\/a>","protected":false},"author":1,"featured_media":71,"comment_status":"open","ping_status":"open","sticky":false,"template":"","format":"standard","meta":{"footnotes":""},"categories":[1],"tags":[],"class_list":["post-70","post","type-post","status-publish","format-standard","has-post-thumbnail","hentry","category-news"],"views":651,"_links":{"self":[{"href":"https:\/\/harcum.am\/index.php?rest_route=\/wp\/v2\/posts\/70","targetHints":{"allow":["GET"]}}],"collection":[{"href":"https:\/\/harcum.am\/index.php?rest_route=\/wp\/v2\/posts"}],"about":[{"href":"https:\/\/harcum.am\/index.php?rest_route=\/wp\/v2\/types\/post"}],"author":[{"embeddable":true,"href":"https:\/\/harcum.am\/index.php?rest_route=\/wp\/v2\/users\/1"}],"replies":[{"embeddable":true,"href":"https:\/\/harcum.am\/index.php?rest_route=%2Fwp%2Fv2%2Fcomments&post=70"}],"version-history":[{"count":1,"href":"https:\/\/harcum.am\/index.php?rest_route=\/wp\/v2\/posts\/70\/revisions"}],"predecessor-version":[{"id":72,"href":"https:\/\/harcum.am\/index.php?rest_route=\/wp\/v2\/posts\/70\/revisions\/72"}],"wp:featuredmedia":[{"embeddable":true,"href":"https:\/\/harcum.am\/index.php?rest_route=\/wp\/v2\/media\/71"}],"wp:attachment":[{"href":"https:\/\/harcum.am\/index.php?rest_route=%2Fwp%2Fv2%2Fmedia&parent=70"}],"wp:term":[{"taxonomy":"category","embeddable":true,"href":"https:\/\/harcum.am\/index.php?rest_route=%2Fwp%2Fv2%2Fcategories&post=70"},{"taxonomy":"post_tag","embeddable":true,"href":"https:\/\/harcum.am\/index.php?rest_route=%2Fwp%2Fv2%2Ftags&post=70"}],"curies":[{"name":"wp","href":"https:\/\/api.w.org\/{rel}","templated":true}]}}