{"id":66,"date":"2025-05-31T17:42:31","date_gmt":"2025-05-31T16:42:31","guid":{"rendered":"https:\/\/harcum.am\/?p=66"},"modified":"2025-05-31T17:42:31","modified_gmt":"2025-05-31T16:42:31","slug":"chlapec-byl-paralyzovany-podivejte-se-co-udelal-pes","status":"publish","type":"post","link":"https:\/\/harcum.am\/?p=66","title":{"rendered":"Chlapec byl paralyzovan\u00fd\u2026 Pod\u00edvejte se, co ud\u011blal pes\u2026"},"content":{"rendered":"\n<p>V tich\u00e9m m\u011bste\u010dku ukryt\u00e9m mezi kopci a stromy plynul \u017eivot klidn\u011b. R\u00e1no von\u011blo \u010derstv\u00fdm chlebem a dvory zn\u011bly d\u011btsk\u00fdm sm\u00edchem. Mezi t\u011bmito sm\u00edchy byl sly\u0161et i hlas mal\u00e9ho Ar\u0165oma, \u0161estilet\u00e9ho chlapce pln\u00e9ho energie a radosti. Jeho matka Sv\u011btlana \u017eila pro tyto okam\u017eiky \u2013 jejich mal\u00fd domov byl pln\u00fd tepla, d\u011btsk\u00fdch kreseb, poh\u00e1dek na dobrou noc a objet\u00ed, kter\u00e1 d\u011blala sv\u011bt bezpe\u010dn\u011bj\u0161\u00edm.<\/p>\n\n\n\n<p>Ale n\u011bkdy sta\u010d\u00ed jen vte\u0159ina, aby se v\u0161echno nav\u017edy zm\u011bnilo.<\/p>\n\n\n\n<p><strong>R\u00e1no, na kter\u00e9 nikdy nezapomene<\/strong><\/p>\n\n\n\n<p>Bylo to oby\u010dejn\u00e9 \u00fater\u00fd. Ar\u0165om b\u011b\u017eel po chodb\u011b za m\u00ed\u010dem a hlasit\u011b se sm\u00e1l. Sv\u011btlana zapnula konvici a na chv\u00edli odvr\u00e1tila pohled. A pak \u2013 ticho.<\/p>\n\n\n\n<p>Kdy\u017e se oto\u010dila, le\u017eel na zemi. Nehybn\u00fd. Lev\u00e1 ruka a noha bez pohybu, pohled pln\u00fd strachu. B\u011bhem n\u011bkolika minut bylo na cest\u011b sanitn\u00ed auto. Sotva dok\u00e1zala dr\u017eet telefon v rukou.<\/p>\n\n\n\n<p>V nemocnici, po v\u0161ech vy\u0161et\u0159en\u00edch, l\u00e9ka\u0159 \u0159ekl:<br>\u201eUtrp\u011bl mrtvici. Ochrnut\u00ed lev\u00e9 strany.\u201c<\/p>\n\n\n\n<p>Ar\u0165om m\u011bl teprve \u0161est let.<\/p>\n\n\n\n<figure class=\"wp-block-gallery has-nested-images columns-default is-cropped wp-block-gallery-1 is-layout-flex wp-block-gallery-is-layout-flex\">\n<figure class=\"wp-block-image size-large\"><img loading=\"lazy\" decoding=\"async\" width=\"1024\" height=\"1004\" data-id=\"68\" src=\"https:\/\/harcum.am\/wp-content\/uploads\/2025\/05\/2222-1.jpeg\" alt=\"\" class=\"wp-image-68\" srcset=\"https:\/\/harcum.am\/wp-content\/uploads\/2025\/05\/2222-1.jpeg 1024w, https:\/\/harcum.am\/wp-content\/uploads\/2025\/05\/2222-1-300x294.jpeg 300w, https:\/\/harcum.am\/wp-content\/uploads\/2025\/05\/2222-1-768x753.jpeg 768w\" sizes=\"auto, (max-width: 1024px) 100vw, 1024px\" \/><\/figure>\n<\/figure>\n\n\n\n<p><strong>Diagn\u00f3za, kter\u00e1 zn\u00ed jako rozsudek<\/strong><\/p>\n\n\n\n<p>L\u00e9ka\u0159i mluvili o vz\u00e1cn\u00e9m neurologick\u00e9m jevu u d\u011bt\u00ed, mo\u017en\u00e1 vrozen\u00e9 c\u00e9vn\u00ed vad\u011b. Ale pro Sv\u011btlanu slova zn\u011bla jen jako ozv\u011bna. Myslela jen na jedno:<br>Bude moje d\u00edt\u011b je\u0161t\u011b n\u011bkdy b\u011bhat?<\/p>\n\n\n\n<p>\u017d\u00e1dn\u00e9 kolo, \u017e\u00e1dn\u00e9 b\u011bh\u00e1n\u00ed v parku, \u017e\u00e1dn\u00e9 kreslen\u00ed ob\u011bma rukama. Mal\u00fd Ar\u0165om, kter\u00fd byl je\u0161t\u011b v\u010dera ne\u00fanavn\u00fd, te\u010f le\u017eel v nemocni\u010dn\u00ed posteli, d\u00edval se do stropu a nech\u00e1pal, co se d\u011bje.<\/p>\n\n\n\n<p><strong>T\u00edha viny<\/strong><\/p>\n\n\n\n<p>P\u0159esto\u017ee j\u00ed l\u00e9ka\u0159i \u0159ekli, \u017ee to nemohla p\u0159edv\u00eddat, Sv\u011btlana se nedok\u00e1zala zbavit pocitu viny.<br>\u201eCo kdybych se neodvr\u00e1tila? Co kdybych zareagovala rychleji? Co kdyby\u2026\u201c<\/p>\n\n\n\n<p>Ka\u017edou noc sed\u011bla u jeho postele, zp\u00edvala mu p\u00edsni\u010dky, dr\u017eela jeho prsty na nehybn\u00e9 ruce. A kdy\u017e usnul, ti\u0161e plakala.<\/p>\n\n\n\n<p><strong>Za\u010d\u00e1tek boje<\/strong><\/p>\n\n\n\n<p>Jakmile se jeho stav stabilizoval, za\u010dal skute\u010dn\u00fd boj: rehabilitace, fyzioterapie, logopedie, ka\u017edodenn\u00ed cvi\u010den\u00ed. \u017divot se prom\u011bnil v rutinu plnou term\u00edn\u016f, cvi\u010den\u00ed a mal\u00fdch nad\u011bj\u00ed.<\/p>\n\n\n\n<p>Sv\u011btlana se rozhodla:<br>Bude bojovat. V\u0161emi silami. Pro n\u011bj. A s n\u00edm.<\/p>\n\n\n\n<p>Ka\u017ed\u00fd den byla s n\u00edm \u2013 pom\u00e1hala mu, povzbuzovala ho, ut\u011b\u0161ovala. Nau\u010dila se cvi\u010den\u00ed, konzultovala s odborn\u00edky, hledala podporu. Pokrok byl pomal\u00fd, ale skute\u010dn\u00fd: chv\u011bn\u00ed v prstech. Mal\u00fd pohyb nohy. Jedna vysloven\u00e1 v\u011bta.<\/p>\n\n\n\n<p>A ka\u017ed\u00e9 \u201em\u00e1lo\u201c \u2013 pro n\u011b znamenalo \u201ez\u00e1zrak\u201c.<\/p>\n\n\n\n<p><strong>Neviditeln\u00ed hrdinov\u00e9<\/strong><\/p>\n\n\n\n<p>Mal\u00e9 m\u011bste\u010dko nez\u016fstalo hluch\u00e9. Soused p\u0159inesl speci\u00e1ln\u011b upraven\u00fd invalidn\u00ed voz\u00edk. U\u010ditelka v d\u016fchodu chodila ka\u017ed\u00fd druh\u00fd den pom\u00e1hat. D\u011bti ze t\u0159\u00eddy mu pos\u00edlaly obr\u00e1zky. Peka\u0159 ka\u017edou sobotu nech\u00e1val s\u00e1\u010dek su\u0161enek s vzkazem:<br>\u201eTyhle jsou pro Ar\u0165oma.\u201c<\/p>\n\n\n\n<p>Sv\u011btlana pochopila, \u017ee nejsou sami. A to j\u00ed dalo s\u00edlu. Nevy\u0159e\u0161ilo to probl\u00e9m \u2013 ale pomohlo j\u00ed d\u00fdchat.<\/p>\n\n\n\n<p><strong>O dva roky pozd\u011bji<\/strong><\/p>\n\n\n\n<p>Dnes Ar\u0165om znovu chod\u00ed. Ne rychle, ne snadno \u2013 ale chod\u00ed. Lev\u00e1 ruka je st\u00e1le omezen\u00e1, ale dok\u00e1\u017ee chytit hra\u010dku. Sm\u011bje se. Bojuje. A znovu \u017eije.<\/p>\n\n\n\n<p>Sv\u011btlana se u\u017e nept\u00e1 \u201epro\u010d my\u201c. Pt\u00e1 se \u201eco dnes zvl\u00e1dneme, co jsme v\u010dera nemohli\u201c.<br>Ka\u017ed\u00fd krok je radost. Ka\u017ed\u00e9 objet\u00ed \u2013 v\u00edt\u011bzstv\u00ed.<br>\u017divot se nevr\u00e1til do star\u00fdch kolej\u00ed. Ale stal se n\u011b\u010d\u00edm nov\u00fdm \u2013 a siln\u00fdm.<\/p>\n\n\n\n<p><strong>Pou\u010den\u00ed<\/strong><\/p>\n\n\n\n<p>\u017divot se m\u016f\u017ee zhroutit za vte\u0159inu. Ale z popela lze postavit n\u011bco nov\u00e9ho. Jin\u00e9ho. Siln\u011bj\u0161\u00edho. Pravdiv\u011bj\u0161\u00edho.<\/p>\n\n\n\n<p>Sv\u011btlana a Ar\u0165om se nevzdali. Znovu si postavili sv\u016fj sv\u011bt. K\u00e1men po kameni.<\/p>\n\n\n\n<p>Proto\u017ee prav\u00e1 l\u00e1ska nen\u00ed dokonalost.<br>Je to vytrvalost. Je to \u201ez\u016fstanu\u201c \u2013 i kdy\u017e se v\u0161echno hrout\u00ed.<\/p>\n","protected":false},"excerpt":{"rendered":"V tich\u00e9m m\u011bste\u010dku ukryt\u00e9m mezi kopci a stromy plynul \u017eivot klidn\u011b. R\u00e1no von\u011blo \u010derstv\u00fdm chlebem a dvory zn\u011bly d\u011btsk\u00fdm sm\u00edchem. Mezi t\u011bmito sm\u00edchy \n<a class=\"moretag\" href=\"https:\/\/harcum.am\/?p=66\"> [...]<\/a>","protected":false},"author":1,"featured_media":68,"comment_status":"open","ping_status":"open","sticky":false,"template":"","format":"standard","meta":{"footnotes":""},"categories":[1],"tags":[],"class_list":["post-66","post","type-post","status-publish","format-standard","has-post-thumbnail","hentry","category-news"],"views":1097,"_links":{"self":[{"href":"https:\/\/harcum.am\/index.php?rest_route=\/wp\/v2\/posts\/66","targetHints":{"allow":["GET"]}}],"collection":[{"href":"https:\/\/harcum.am\/index.php?rest_route=\/wp\/v2\/posts"}],"about":[{"href":"https:\/\/harcum.am\/index.php?rest_route=\/wp\/v2\/types\/post"}],"author":[{"embeddable":true,"href":"https:\/\/harcum.am\/index.php?rest_route=\/wp\/v2\/users\/1"}],"replies":[{"embeddable":true,"href":"https:\/\/harcum.am\/index.php?rest_route=%2Fwp%2Fv2%2Fcomments&post=66"}],"version-history":[{"count":1,"href":"https:\/\/harcum.am\/index.php?rest_route=\/wp\/v2\/posts\/66\/revisions"}],"predecessor-version":[{"id":69,"href":"https:\/\/harcum.am\/index.php?rest_route=\/wp\/v2\/posts\/66\/revisions\/69"}],"wp:featuredmedia":[{"embeddable":true,"href":"https:\/\/harcum.am\/index.php?rest_route=\/wp\/v2\/media\/68"}],"wp:attachment":[{"href":"https:\/\/harcum.am\/index.php?rest_route=%2Fwp%2Fv2%2Fmedia&parent=66"}],"wp:term":[{"taxonomy":"category","embeddable":true,"href":"https:\/\/harcum.am\/index.php?rest_route=%2Fwp%2Fv2%2Fcategories&post=66"},{"taxonomy":"post_tag","embeddable":true,"href":"https:\/\/harcum.am\/index.php?rest_route=%2Fwp%2Fv2%2Ftags&post=66"}],"curies":[{"name":"wp","href":"https:\/\/api.w.org\/{rel}","templated":true}]}}