{"id":62,"date":"2025-05-31T17:20:33","date_gmt":"2025-05-31T16:20:33","guid":{"rendered":"https:\/\/harcum.am\/?p=62"},"modified":"2025-05-31T17:20:34","modified_gmt":"2025-05-31T16:20:34","slug":"nebudete-verit-co-udelal-tento-tulak-z-budapesti-kdyz-na-skladce-nasel-tri-tresouci-se-kotata","status":"publish","type":"post","link":"https:\/\/harcum.am\/?p=62","title":{"rendered":"Nebudete v\u011b\u0159it, co ud\u011blal tento tul\u00e1k z Budape\u0161ti, kdy\u017e na skl\u00e1dce na\u0161el t\u0159i t\u0159esouc\u00ed se ko\u0165ata\u2026"},"content":{"rendered":"\n<p>Na zapomenut\u00e9m kout\u011b skl\u00e1dky pobl\u00ed\u017e Budape\u0161ti, mezi odpadky, haramp\u00e1d\u00edm a rezav\u011bj\u00edc\u00edm \u017eelezem pod \u0161ed\u00fdm nebem se jen z\u0159\u00eddka stane n\u011bco kr\u00e1sn\u00e9ho. Ale n\u011bkdy pr\u00e1v\u011b tam \u017eivot p\u0159ekvap\u00ed \u010distou dobrotou. Tentokr\u00e1t to byl pes. Tul\u00e1k. S\u00e1m. Tich\u00fd. Ale se srdcem, na kter\u00e9 budou tis\u00edce vzpom\u00ednat.<\/p>\n\n\n\n<p>Tento p\u0159\u00edb\u011bh neza\u010d\u00edn\u00e1 v \u00fatulku. Ani v tepl\u00e9m domov\u011b. Za\u010d\u00edn\u00e1 s tmav\u00fdm a vyhladov\u011bl\u00fdm psem \u2013 beze jm\u00e9na, bez obojku, bez nad\u011bje. M\u00edstn\u00ed ho u\u017e vid\u011bli: opatrn\u00fd, klidn\u00fd, v\u017edycky s\u00e1m. A\u017e do jednoho listopadov\u00e9ho dne, kdy ud\u011blal n\u011bco, co nikdo ne\u010dekal.<\/p>\n\n\n\n<p><strong>Ne\u010dekan\u00fd objev<\/strong><br>Prvn\u00edm, kdo si n\u011b\u010deho v\u0161iml, byl L\u00e1szl\u00f3, pracovn\u00edk skl\u00e1dky.<\/p>\n\n\n\n<p>\u201eVid\u011bl jsem ho zmizet za spadlou krabic\u00ed. Obvykle jen nakoukne a jde d\u00e1l. Ale tentokr\u00e1t \u0161t\u011bkl. Jen jednou. A pak \u2014 ticho,\u201c vypr\u00e1v\u00ed.<\/p>\n\n\n\n<p>Kdy\u017e se p\u0159ibl\u00ed\u017eil, na\u0161el n\u011bco neuv\u011b\u0159iteln\u00e9ho:<br>Pod star\u00fdmi kusy plastu a hadry se chv\u011bla t\u0159i mal\u00e1 ko\u0165\u00e1tka. Sotva narozen\u00e1. Sotva \u017eiv\u00e1. A kolem nich \u2014 pes. Sto\u010den\u00fd, s t\u011blem jako \u0161t\u00edt, ocasem p\u0159es n\u011b a \u010dum\u00e1kem na jejich mal\u00fdch hlavi\u010dk\u00e1ch.<\/p>\n\n\n\n<p>Nepohnul se, kdy\u017e L\u00e1szl\u00f3 p\u0159i\u0161el bl\u00ed\u017e. Ne\u0161t\u011bkal. Jen se d\u00edval. Pohledem, kter\u00fd prosil<\/p>\n\n\n\n<figure class=\"wp-block-image size-full\"><img loading=\"lazy\" decoding=\"async\" width=\"752\" height=\"440\" src=\"https:\/\/harcum.am\/wp-content\/uploads\/2025\/05\/111.jpeg\" alt=\"\" class=\"wp-image-63\" srcset=\"https:\/\/harcum.am\/wp-content\/uploads\/2025\/05\/111.jpeg 752w, https:\/\/harcum.am\/wp-content\/uploads\/2025\/05\/111-300x176.jpeg 300w\" sizes=\"auto, (max-width: 752px) 100vw, 752px\" \/><\/figure>\n\n\n\n<p><strong>Matka, i kdy\u017e neporodila<\/strong><br>Tento pes, kter\u00fd pozd\u011bji dostal jm\u00e9no Lilu, se nedok\u00e1zal postarat ani s\u00e1m o sebe. Zjevn\u011b vyhladov\u011bl\u00fd, se zan\u00edcen\u00fdm okem a starou r\u00e1nou na zadn\u00ed noze. Ale neode\u0161el. Naopak \u2014 podle bezpe\u010dnostn\u00edch kamer dva dny sb\u00edral hadry, zbytky j\u00eddla a nosil je ke ko\u0165at\u016fm. Nejedl. Jen je h\u0159\u00e1l. Jen je chr\u00e1nil.<\/p>\n\n\n\n<p>A co je neuv\u011b\u0159iteln\u00e9 \u2014 sna\u017eil se je kojit. I kdy\u017e nebyly jeho.<\/p>\n\n\n\n<p><strong>Z\u00e1chrana<\/strong><br>L\u00e1szl\u00f3 zavolal organizaci na ochranu zv\u00ed\u0159at. Dobrovoln\u00edci p\u0159ijeli okam\u017eit\u011b. Kdy\u017e se pokusili ko\u0165ata vz\u00edt, Lilu ne\u0161t\u011bkala, nebr\u00e1nila se \u2014 jen vstala a n\u00e1sledovala je.<\/p>\n\n\n\n<p>\u201eNemohli jsme ji tam nechat,\u201c \u0159\u00edk\u00e1 dobrovolnice Eva. \u201e\u0160la za autem a\u017e k v\u00fdchodu. Dala jim cel\u00e9 sv\u00e9 srdce.\u201c<\/p>\n\n\n\n<p>V \u00fatulku veterin\u00e1\u0159i potvrdili: Lilu byla t\u011b\u017ece dehydrovan\u00e1, s infekc\u00ed a slabost\u00ed. Ale ko\u0165ata byla stabiln\u00ed. D\u00edky n\u00ed.<\/p>\n\n\n\n<p><strong>Fotka, kter\u00e1 oblet\u011bla sv\u011bt<\/strong><br>Fotografie Lilu, sto\u010den\u00e9 kolem ko\u0165at, byla zve\u0159ejn\u011bna online. A stala se vir\u00e1ln\u00ed. Tis\u00edce lid\u00ed byly dojat\u00e9. Ne z l\u00edtosti, ale z velikosti jej\u00edho \u010dinu.<\/p>\n\n\n\n<p>Zpr\u00e1vy, dary, nab\u00eddky na adopci \u2014 to v\u0161echno p\u0159i\u0161lo b\u011bhem n\u011bkolika dn\u00ed.<\/p>\n\n\n\n<p>Lid\u00e9 si znovu p\u0159ipomn\u011bli, \u017ee lidskost nen\u00ed vyhrazena jen lidem. \u017de ta nejv\u011bt\u0161\u00ed srdce \u010dasto bij\u00ed ti\u0161e \u2014 pod \u0161pinavou srst\u00ed, na studen\u00e9m betonu.<\/p>\n\n\n\n<p><strong>\u0160\u0165astn\u00fd konec<\/strong><br>T\u0159i ko\u0165ata \u2014 Bence, Zora a Mimi \u2014 se zotavila a byla adoptov\u00e1na spole\u010dn\u011b, rodinou, kter\u00e1 trvala na tom, \u017ee je nerozd\u011bl\u00ed.<\/p>\n\n\n\n<p>A Lilu? Pot\u0159ebovala t\u00fddny rehabilitace. Ale s trp\u011blivost\u00ed a p\u00e9\u010d\u00ed se znovu nau\u010dila d\u016fv\u011b\u0159ovat.<\/p>\n\n\n\n<p>Jedna d\u016fchodkyn\u011b, u\u010ditelka Kl\u00e1ra, uvid\u011bla jej\u00ed fotografii a hned \u0159ekla:<br>\u201eTo je m\u016fj pes. Te\u010f to v\u00edm.\u201c<\/p>\n\n\n\n<p>Dnes Lilu sp\u00ed v tepl\u00e9 posteli, proch\u00e1z\u00ed se ulicemi Budape\u0161ti a ob\u010das se ohl\u00e9dne \u2014 ne ze strachu, ale ze zvyku. Proto\u017ee ti, kdo chr\u00e1n\u00ed, nikdy nezapom\u00ednaj\u00ed.<\/p>\n\n\n\n<p><strong>Ponau\u010den\u00ed<\/strong><br>Toto nen\u00ed jen p\u0159\u00edb\u011bh o psu a t\u0159ech ko\u0165atech. Je to p\u0159ipom\u00ednka. \u017de i na t\u011bch nejtemn\u011bj\u0161\u00edch m\u00edstech m\u016f\u017ee vykv\u00e9st dobrota.<br>Lilu nem\u011bla nic. A dala v\u0161echno.<\/p>\n\n\n\n<p>A pr\u00e1v\u011b to je hrdinstv\u00ed.<\/p>\n\n\n\n<p>Nem\u011b\u0159\u00ed se slovy. Neprojevuje se silou. C\u00edt\u00ed se \u2014 v tichu jednoho skromn\u00e9ho srdce, kter\u00e9 chr\u00e1n\u00ed. Bez n\u00e1roku. Bez o\u010dek\u00e1v\u00e1n\u00ed.<\/p>\n","protected":false},"excerpt":{"rendered":"Na zapomenut\u00e9m kout\u011b skl\u00e1dky pobl\u00ed\u017e Budape\u0161ti, mezi odpadky, haramp\u00e1d\u00edm a rezav\u011bj\u00edc\u00edm \u017eelezem pod \u0161ed\u00fdm nebem se jen z\u0159\u00eddka stane n\u011bco kr\u00e1sn\u00e9ho. Ale n\u011bkdy \n<a class=\"moretag\" href=\"https:\/\/harcum.am\/?p=62\"> [...]<\/a>","protected":false},"author":1,"featured_media":63,"comment_status":"open","ping_status":"open","sticky":false,"template":"","format":"standard","meta":{"footnotes":""},"categories":[1],"tags":[],"class_list":["post-62","post","type-post","status-publish","format-standard","has-post-thumbnail","hentry","category-news"],"views":797,"_links":{"self":[{"href":"https:\/\/harcum.am\/index.php?rest_route=\/wp\/v2\/posts\/62","targetHints":{"allow":["GET"]}}],"collection":[{"href":"https:\/\/harcum.am\/index.php?rest_route=\/wp\/v2\/posts"}],"about":[{"href":"https:\/\/harcum.am\/index.php?rest_route=\/wp\/v2\/types\/post"}],"author":[{"embeddable":true,"href":"https:\/\/harcum.am\/index.php?rest_route=\/wp\/v2\/users\/1"}],"replies":[{"embeddable":true,"href":"https:\/\/harcum.am\/index.php?rest_route=%2Fwp%2Fv2%2Fcomments&post=62"}],"version-history":[{"count":1,"href":"https:\/\/harcum.am\/index.php?rest_route=\/wp\/v2\/posts\/62\/revisions"}],"predecessor-version":[{"id":64,"href":"https:\/\/harcum.am\/index.php?rest_route=\/wp\/v2\/posts\/62\/revisions\/64"}],"wp:featuredmedia":[{"embeddable":true,"href":"https:\/\/harcum.am\/index.php?rest_route=\/wp\/v2\/media\/63"}],"wp:attachment":[{"href":"https:\/\/harcum.am\/index.php?rest_route=%2Fwp%2Fv2%2Fmedia&parent=62"}],"wp:term":[{"taxonomy":"category","embeddable":true,"href":"https:\/\/harcum.am\/index.php?rest_route=%2Fwp%2Fv2%2Fcategories&post=62"},{"taxonomy":"post_tag","embeddable":true,"href":"https:\/\/harcum.am\/index.php?rest_route=%2Fwp%2Fv2%2Ftags&post=62"}],"curies":[{"name":"wp","href":"https:\/\/api.w.org\/{rel}","templated":true}]}}