{"id":3642,"date":"2026-01-22T19:46:25","date_gmt":"2026-01-22T19:46:25","guid":{"rendered":"https:\/\/harcum.am\/?p=3642"},"modified":"2026-01-22T19:46:26","modified_gmt":"2026-01-22T19:46:26","slug":"muj-bratr-poridil-tuto-fotografii-pouhych-21-kilometru-od-naseho-domu-nahral-ji-na-svuj-profil-a-nikdo-si-nevsiml-toho-nejdulezitejsiho-dokud-nebylo-pozde","status":"publish","type":"post","link":"https:\/\/harcum.am\/?p=3642","title":{"rendered":"M\u016fj bratr po\u0159\u00eddil tuto fotografii pouh\u00fdch 21 kilometr\u016f od na\u0161eho domu. Nahr\u00e1l ji na sv\u016fj profil \u2014 a nikdo si nev\u0161iml toho nejd\u016fle\u017eit\u011bj\u0161\u00edho\u2026 dokud nebylo pozd\u011b."},"content":{"rendered":"\n<p>Bylo to jedno odpoledne, kdy slunce u\u017e pomalu klesalo za obzor, a vzduch m\u011bl tu zvl\u00e1\u0161tn\u00ed, teplou v\u016fni konce l\u00e9ta. M\u016fj bratr se rozhodl vyrazit na kr\u00e1tk\u00fd v\u00fdlet do lesa kousek za m\u011bstem. Vzal s sebou fotoapar\u00e1t, proto\u017ee cht\u011bl zachytit kr\u00e1su podzimn\u00edch barev a klid p\u0159\u00edrody. Kdy\u017e se vr\u00e1til, nahr\u00e1l fotky na sv\u016fj profil na soci\u00e1ln\u00edch s\u00edt\u00edch. V\u0161ichni obvykle obdivovali jeho sn\u00edmky \u2014 hezk\u00e9 stromy, listy hraj\u00edc\u00ed v\u0161emi odst\u00edny oran\u017eov\u00e9 a \u010derven\u00e9, tich\u00e9 jez\u00edrko odr\u00e1\u017eej\u00edc\u00ed modrou oblohu.<\/p>\n\n\n\n<figure class=\"wp-block-image size-full\"><img loading=\"lazy\" decoding=\"async\" width=\"768\" height=\"1024\" src=\"https:\/\/harcum.am\/wp-content\/uploads\/2026\/01\/image-103.png\" alt=\"\" class=\"wp-image-3643\" srcset=\"https:\/\/harcum.am\/wp-content\/uploads\/2026\/01\/image-103.png 768w, https:\/\/harcum.am\/wp-content\/uploads\/2026\/01\/image-103-225x300.png 225w\" sizes=\"auto, (max-width: 768px) 100vw, 768px\" \/><\/figure>\n\n\n\n<p>Na prvn\u00ed pohled byla fotografie jen kr\u00e1snou podzimn\u00ed sc\u00e9nou. Nikdo si nev\u0161iml podivn\u00e9ho detailu v pozad\u00ed. Mal\u00fd st\u00edn mezi stromy, n\u011bco, co p\u0159ipom\u00ednalo postavu, ale p\u0159\u00edli\u0161 vzd\u00e1lenou a rozmazanou na to, aby vzbudila okam\u017eitou pozornost. Jen m\u016fj bratr tu\u0161il, \u017ee n\u011bco nen\u00ed \u00fapln\u011b v po\u0159\u00e1dku, ale myslel si, \u017ee je to jen hra sv\u011btla a st\u00ednu.<\/p>\n\n\n\n<p>Den po nahr\u00e1n\u00ed fotky za\u010daly p\u0159ich\u00e1zet zpr\u00e1vy. Lid\u00e9 se ptali, odkud je sn\u00edmek, co p\u0159esn\u011b zachycuje, pro\u010d je tak zvl\u00e1\u0161tn\u00ed. A tehdy si v\u0161imli detailu, kter\u00fd byl p\u0159ehl\u00ed\u017een. V pozad\u00ed, t\u00e9m\u011b\u0159 skryt\u00fd mezi stromy, byla druh\u00e1 postava \u2014 n\u011bkdo nebo n\u011bco, co by tam nem\u011blo b\u00fdt. A jakmile si lid\u00e9 za\u010dali v\u0161\u00edmat, za\u010daly p\u0159ich\u00e1zet i varov\u00e1n\u00ed: m\u00edstn\u00ed \u00fa\u0159ady dostaly hl\u00e1\u0161en\u00ed o zmizen\u00ed v oblasti, kde byl bratr.<\/p>\n\n\n\n<p>Bylo p\u0159\u00edli\u0161 pozd\u011b na to, aby \u0161lo o n\u00e1hodu. Fotografie, kter\u00e1 m\u011bla b\u00fdt jen mal\u00fdm vzpom\u00ednkov\u00fdm z\u00e1znamem, se stala d\u016fkazem n\u011b\u010deho ne\u010dekan\u00e9ho a nebezpe\u010dn\u00e9ho. M\u016fj bratr, a\u010d \u0161okovan\u00fd, spolupracoval s \u00fa\u0159ady, a za\u010dali zkoumat okol\u00ed, kde fotografii po\u0159\u00eddil. Ka\u017ed\u00fd strom, ka\u017ed\u00fd st\u00edn byl nyn\u00ed pe\u010dliv\u011b prozkoum\u00e1n.<\/p>\n\n\n\n<p>To, co za\u010dalo jako nevinn\u00fd v\u00fdlet a nevinn\u00e1 fotografie, se prom\u011bnilo v tajemstv\u00ed, kter\u00e9 m\u011blo hlub\u0161\u00ed d\u016fsledky, ne\u017e jsme si dok\u00e1zali p\u0159edstavit. Nau\u010dilo n\u00e1s to, \u017ee sv\u011bt kolem n\u00e1s m\u016f\u017ee b\u00fdt klidn\u00fd a p\u0159\u00edv\u011btiv\u00fd na prvn\u00ed pohled, ale \u017ee i v nejb\u011b\u017en\u011bj\u0161\u00edch chv\u00edl\u00edch m\u016f\u017ee \u010d\u00edhat n\u011bco ne\u010dekan\u00e9ho.<\/p>\n\n\n\n<p>Od t\u00e9 doby, kdykoli m\u016fj bratr bere fotoapar\u00e1t, u\u017e se nesoust\u0159ed\u00ed jen na kr\u00e1su a barvy. Sleduje ka\u017ed\u00fd st\u00edn, ka\u017ed\u00e9 z\u00e1kout\u00ed a ka\u017ed\u00fd detail, kter\u00fd by mohl b\u00fdt p\u0159ehl\u00e9dnut. Proto\u017ee jeden p\u0159ehl\u00e9dnut\u00fd okam\u017eik m\u016f\u017ee zm\u011bnit v\u0161echno \u2014 a my jsme to poznali p\u0159\u00edli\u0161 pozd\u011b.<\/p>\n","protected":false},"excerpt":{"rendered":"Bylo to jedno odpoledne, kdy slunce u\u017e pomalu klesalo za obzor, a vzduch m\u011bl tu zvl\u00e1\u0161tn\u00ed, teplou v\u016fni konce l\u00e9ta. M\u016fj bratr se \n<a class=\"moretag\" href=\"https:\/\/harcum.am\/?p=3642\"> [...]<\/a>","protected":false},"author":1,"featured_media":3643,"comment_status":"open","ping_status":"open","sticky":false,"template":"","format":"standard","meta":{"footnotes":""},"categories":[1],"tags":[],"class_list":["post-3642","post","type-post","status-publish","format-standard","has-post-thumbnail","hentry","category-news"],"views":636,"_links":{"self":[{"href":"https:\/\/harcum.am\/index.php?rest_route=\/wp\/v2\/posts\/3642","targetHints":{"allow":["GET"]}}],"collection":[{"href":"https:\/\/harcum.am\/index.php?rest_route=\/wp\/v2\/posts"}],"about":[{"href":"https:\/\/harcum.am\/index.php?rest_route=\/wp\/v2\/types\/post"}],"author":[{"embeddable":true,"href":"https:\/\/harcum.am\/index.php?rest_route=\/wp\/v2\/users\/1"}],"replies":[{"embeddable":true,"href":"https:\/\/harcum.am\/index.php?rest_route=%2Fwp%2Fv2%2Fcomments&post=3642"}],"version-history":[{"count":1,"href":"https:\/\/harcum.am\/index.php?rest_route=\/wp\/v2\/posts\/3642\/revisions"}],"predecessor-version":[{"id":3644,"href":"https:\/\/harcum.am\/index.php?rest_route=\/wp\/v2\/posts\/3642\/revisions\/3644"}],"wp:featuredmedia":[{"embeddable":true,"href":"https:\/\/harcum.am\/index.php?rest_route=\/wp\/v2\/media\/3643"}],"wp:attachment":[{"href":"https:\/\/harcum.am\/index.php?rest_route=%2Fwp%2Fv2%2Fmedia&parent=3642"}],"wp:term":[{"taxonomy":"category","embeddable":true,"href":"https:\/\/harcum.am\/index.php?rest_route=%2Fwp%2Fv2%2Fcategories&post=3642"},{"taxonomy":"post_tag","embeddable":true,"href":"https:\/\/harcum.am\/index.php?rest_route=%2Fwp%2Fv2%2Ftags&post=3642"}],"curies":[{"name":"wp","href":"https:\/\/api.w.org\/{rel}","templated":true}]}}