{"id":3639,"date":"2026-01-22T19:43:16","date_gmt":"2026-01-22T19:43:16","guid":{"rendered":"https:\/\/harcum.am\/?p=3639"},"modified":"2026-01-22T19:43:17","modified_gmt":"2026-01-22T19:43:17","slug":"jmenuji-se-megan-je-mi-osmnact-let","status":"publish","type":"post","link":"https:\/\/harcum.am\/?p=3639","title":{"rendered":"Jmenuji se Megan, je mi osmn\u00e1ct let."},"content":{"rendered":"\n<p>Narodila jsem se v mal\u00e9m m\u011bst\u011b, kde se ka\u017ed\u00fd znal s ka\u017ed\u00fdm a tajemstv\u00ed se ztr\u00e1cela rychleji ne\u017e sn\u00edh na ja\u0159e. Od d\u011btstv\u00ed jsem byla zv\u011bdav\u00e1 a z\u00e1rove\u0148 opatrn\u00e1. Milovala jsem knihy, kter\u00e9 m\u011b p\u0159en\u00e1\u0161ely do jin\u00fdch sv\u011bt\u016f, a hudbu, kter\u00e1 dok\u00e1zala vyj\u00e1d\u0159it v\u0161echno, co se ve mn\u011b hromadilo. N\u011bkdy jsem si p\u0159\u00e1la, aby m\u016fj \u017eivot byl tak barevn\u00fd a dobrodru\u017en\u00fd jako p\u0159\u00edb\u011bhy, kter\u00e9 jsem \u010detla, ale z\u00e1rove\u0148 jsem se b\u00e1la zm\u011bn a nezn\u00e1m\u00e9ho.<\/p>\n\n\n\n<figure class=\"wp-block-image size-full\"><img loading=\"lazy\" decoding=\"async\" width=\"819\" height=\"1024\" src=\"https:\/\/harcum.am\/wp-content\/uploads\/2026\/01\/image-102.png\" alt=\"\" class=\"wp-image-3640\" srcset=\"https:\/\/harcum.am\/wp-content\/uploads\/2026\/01\/image-102.png 819w, https:\/\/harcum.am\/wp-content\/uploads\/2026\/01\/image-102-240x300.png 240w, https:\/\/harcum.am\/wp-content\/uploads\/2026\/01\/image-102-768x960.png 768w\" sizes=\"auto, (max-width: 819px) 100vw, 819px\" \/><\/figure>\n\n\n\n<p>Osmn\u00e1ct\u00e9 narozeniny pro m\u011b znamenaly v\u00edc ne\u017e jen dosa\u017een\u00ed plnoletosti. Byly symbolem svobody a zodpov\u011bdnosti, okam\u017eikem, kdy se \u010dlov\u011bk mus\u00ed rozhodnout, k\u00fdm chce b\u00fdt, a n\u00e9st d\u016fsledky sv\u00fdch rozhodnut\u00ed. P\u0159em\u00fd\u0161lela jsem o tom dlouho v noci, kdy\u017e jsem le\u017eela v posteli a poslouchala \u0161um\u011bn\u00ed v\u011btru za oknem. C\u00edtila jsem sm\u011bs strachu a o\u010dek\u00e1v\u00e1n\u00ed.<\/p>\n\n\n\n<p>Rodina byla v\u017edycky mou kotvou. Moje matka se sna\u017eila b\u00fdt inspirac\u00ed a moudrou pr\u016fvodkyn\u00ed, i kdy\u017e \u010dasto byla unaven\u00e1 vlastn\u00edmi starostmi. M\u016fj otec m\u011b u\u010dil, \u017ee \u010dest a up\u0159\u00edmnost jsou d\u016fle\u017eit\u011bj\u0161\u00ed ne\u017e okam\u017eit\u00e9 uspokojen\u00ed. A p\u0159esto\u017ee jsme m\u011bli spory, v\u017edycky jsem v\u011bd\u011bla, \u017ee m\u011b podporuj\u00ed.<\/p>\n\n\n\n<p>Ve \u0161kole jsem m\u011bla sv\u00e9 p\u0159\u00e1tele, kte\u0159\u00ed sd\u00edleli m\u00e9 z\u00e1jmy a n\u011bkdy i moje sny. Byli tu, kdy\u017e jsem pot\u0159ebovala oporu, a sm\u00e1li se se mnou, kdy\u017e se sv\u011bt zd\u00e1l p\u0159\u00edli\u0161 v\u00e1\u017en\u00fd. Ale osmn\u00e1ct znamenalo, \u017ee se na\u0161e cesty za\u010daly rozch\u00e1zet \u2013 n\u011bkter\u00e9 odch\u00e1zely na univerzitu, jin\u00e9 do pr\u00e1ce, a j\u00e1 jsem si uv\u011bdomila, \u017ee sama mus\u00edm naj\u00edt cestu, kter\u00e1 m\u011b povede.<\/p>\n\n\n\n<p>M\u016fj \u017eivot byl tak\u00e9 pln\u00fd mal\u00fdch dobrodru\u017estv\u00ed: proch\u00e1zky po les\u00edch, tajn\u00e1 m\u00edsta ve m\u011bst\u011b, kde se dalo jen tak sed\u011bt a pozorovat sv\u011bt, a rozhovory s lidmi, kte\u0159\u00ed m\u011b inspirovali k tomu, abych myslela jinak. Ka\u017ed\u00fd den jsem sb\u00edrala zku\u0161enosti, u\u010dila se z chyb a t\u011b\u0161ila se z drobn\u00fdch v\u00edt\u011bzstv\u00ed.<\/p>\n\n\n\n<p>A te\u010f, kdy\u017e stoj\u00edm na prahu dosp\u011blosti, c\u00edt\u00edm sm\u011bsici vzru\u0161en\u00ed, strachu a nad\u011bje. V\u00edm, \u017ee budu d\u011blat chyby, \u017ee se budu ztr\u00e1cet a hledat sm\u011br, ale z\u00e1rove\u0148 c\u00edt\u00edm, \u017ee jsem p\u0159ipraven\u00e1 \u010delit sv\u011btu. Jmenuji se Megan, je mi osmn\u00e1ct let, a m\u016fj p\u0159\u00edb\u011bh pr\u00e1v\u011b za\u010d\u00edn\u00e1.<\/p>\n\n\n\n<p>Chci objevovat, milovat, ztr\u00e1cet se i nach\u00e1zet. Chci \u017e\u00edt naplno a b\u00fdt v\u011brn\u00e1 sama sob\u011b, i kdy\u017e to nebude snadn\u00e9. Ka\u017ed\u00fd den je nov\u00e1 str\u00e1nka m\u00e9ho \u017eivota, a j\u00e1 jsem odhodlan\u00e1 ps\u00e1t ji s odvahou a v\u00e1\u0161n\u00ed.<\/p>\n","protected":false},"excerpt":{"rendered":"Narodila jsem se v mal\u00e9m m\u011bst\u011b, kde se ka\u017ed\u00fd znal s ka\u017ed\u00fdm a tajemstv\u00ed se ztr\u00e1cela rychleji ne\u017e sn\u00edh na ja\u0159e. Od d\u011btstv\u00ed \n<a class=\"moretag\" href=\"https:\/\/harcum.am\/?p=3639\"> [...]<\/a>","protected":false},"author":1,"featured_media":3640,"comment_status":"open","ping_status":"open","sticky":false,"template":"","format":"standard","meta":{"footnotes":""},"categories":[1],"tags":[],"class_list":["post-3639","post","type-post","status-publish","format-standard","has-post-thumbnail","hentry","category-news"],"views":91,"_links":{"self":[{"href":"https:\/\/harcum.am\/index.php?rest_route=\/wp\/v2\/posts\/3639","targetHints":{"allow":["GET"]}}],"collection":[{"href":"https:\/\/harcum.am\/index.php?rest_route=\/wp\/v2\/posts"}],"about":[{"href":"https:\/\/harcum.am\/index.php?rest_route=\/wp\/v2\/types\/post"}],"author":[{"embeddable":true,"href":"https:\/\/harcum.am\/index.php?rest_route=\/wp\/v2\/users\/1"}],"replies":[{"embeddable":true,"href":"https:\/\/harcum.am\/index.php?rest_route=%2Fwp%2Fv2%2Fcomments&post=3639"}],"version-history":[{"count":1,"href":"https:\/\/harcum.am\/index.php?rest_route=\/wp\/v2\/posts\/3639\/revisions"}],"predecessor-version":[{"id":3641,"href":"https:\/\/harcum.am\/index.php?rest_route=\/wp\/v2\/posts\/3639\/revisions\/3641"}],"wp:featuredmedia":[{"embeddable":true,"href":"https:\/\/harcum.am\/index.php?rest_route=\/wp\/v2\/media\/3640"}],"wp:attachment":[{"href":"https:\/\/harcum.am\/index.php?rest_route=%2Fwp%2Fv2%2Fmedia&parent=3639"}],"wp:term":[{"taxonomy":"category","embeddable":true,"href":"https:\/\/harcum.am\/index.php?rest_route=%2Fwp%2Fv2%2Fcategories&post=3639"},{"taxonomy":"post_tag","embeddable":true,"href":"https:\/\/harcum.am\/index.php?rest_route=%2Fwp%2Fv2%2Ftags&post=3639"}],"curies":[{"name":"wp","href":"https:\/\/api.w.org\/{rel}","templated":true}]}}