{"id":3633,"date":"2026-01-22T19:38:25","date_gmt":"2026-01-22T19:38:25","guid":{"rendered":"https:\/\/harcum.am\/?p=3633"},"modified":"2026-01-22T19:38:26","modified_gmt":"2026-01-22T19:38:26","slug":"pak-se-nahle-zachytila-o-ram-dveri-a-zaseptala","status":"publish","type":"post","link":"https:\/\/harcum.am\/?p=3633","title":{"rendered":"Pak se n\u00e1hle zachytila o r\u00e1m dve\u0159\u00ed a za\u0161eptala:"},"content":{"rendered":"\n<p>Bylo to uprost\u0159ed v\u011bty, v okam\u017eiku, kdy jsem si myslel, \u017ee u\u017e \u0159ekla v\u0161echno podstatn\u00e9. Jej\u00ed hlas byl do t\u00e9 chv\u00edle pevn\u00fd, mo\u017en\u00e1 a\u017e p\u0159\u00edli\u0161 kontrolovan\u00fd, ale najednou se zarazila. Prsty se j\u00ed sev\u0159ely kolem chladn\u00e9ho d\u0159eva a cel\u00fd jej\u00ed pohyb se zpomalil, jako by t\u011blo reagovalo d\u0159\u00edv ne\u017e my\u0161lenky.<\/p>\n\n\n\n<figure class=\"wp-block-image size-full\"><img loading=\"lazy\" decoding=\"async\" width=\"819\" height=\"1024\" src=\"https:\/\/harcum.am\/wp-content\/uploads\/2026\/01\/image-100.png\" alt=\"\" class=\"wp-image-3634\" srcset=\"https:\/\/harcum.am\/wp-content\/uploads\/2026\/01\/image-100.png 819w, https:\/\/harcum.am\/wp-content\/uploads\/2026\/01\/image-100-240x300.png 240w, https:\/\/harcum.am\/wp-content\/uploads\/2026\/01\/image-100-768x960.png 768w\" sizes=\"auto, (max-width: 819px) 100vw, 819px\" \/><\/figure>\n\n\n\n<p>V m\u00edstnosti panovalo ticho, kter\u00e9 se nedalo p\u0159ehl\u00e9dnout. Ne to oby\u010dejn\u00e9, kdy lid\u00e9 hledaj\u00ed slova, ale ticho t\u011b\u017ek\u00e9, pln\u00e9 v\u00fdznamu. D\u00edval jsem se na jej\u00ed z\u00e1da a uv\u011bdomil si, jak k\u0159ehce p\u016fsob\u00ed v tom sv\u011btle, kter\u00e9 p\u0159ich\u00e1zelo z chodby. St\u00e1la na prahu, nap\u016fl uvnit\u0159 a nap\u016fl venku, p\u0159esn\u011b jako by nev\u011bd\u011bla, kam vlastn\u011b pat\u0159\u00ed.<\/p>\n\n\n\n<p>Jej\u00ed ramena se lehce zvedala a klesala. Dech nebyl pravideln\u00fd. V\u0161iml jsem si drobn\u00e9ho detailu \u2013 jak se j\u00ed t\u0159esou kone\u010dky vlas\u016f u krku, jako by i ony c\u00edtily nap\u011bt\u00ed. \u010cekal jsem. Neodv\u00e1\u017eil jsem se ji pob\u00eddnout. N\u011bkter\u00e9 v\u011bci pot\u0159ebuj\u00ed \u010das, aby se odv\u00e1\u017eily vyj\u00edt na povrch.<\/p>\n\n\n\n<p>Pak se n\u00e1hle zachytila o r\u00e1m dve\u0159\u00ed a za\u0161eptala slova, kter\u00e1 byla sotva sly\u0161iteln\u00e1. Nebyla to dramatick\u00e1 v\u011bta, \u017e\u00e1dn\u00e9 obvin\u011bn\u00ed ani prosba. Sp\u00ed\u0161 p\u0159izn\u00e1n\u00ed. N\u011bco, co v sob\u011b nosila dlouho a co se kone\u010dn\u011b dostalo ven, i kdy\u017e jen v n\u00e1znaku.<\/p>\n\n\n\n<p>Ten \u0161epot m\u011bl zvl\u00e1\u0161tn\u00ed s\u00edlu. P\u0159inutil m\u011b p\u0159estat p\u0159em\u00fd\u0161let o odpov\u011bd\u00edch a za\u010d\u00edt opravdu naslouchat. Uv\u011bdomil jsem si, jak \u010dasto \u010dek\u00e1me na hlasit\u00e9 projevy bolesti, zat\u00edmco ta skute\u010dn\u00e1 p\u0159ich\u00e1z\u00ed potichu. V kr\u00e1tk\u00fdch v\u011bt\u00e1ch, v p\u0159eru\u0161en\u00fdch pohledech, v rukou, kter\u00e9 se musej\u00ed n\u011b\u010deho zachytit, aby se nezhroutily.<\/p>\n\n\n\n<p>Neud\u011blal jsem krok bl\u00ed\u017e. Z\u016fstal jsem tam, kde jsem byl, a dal j\u00ed prostor. V\u011bd\u011bl jsem, \u017ee kdybych te\u010f cokoliv \u0159ekl, mohl bych ten k\u0159ehk\u00fd okam\u017eik rozb\u00edt. N\u011bkdy je nejv\u011bt\u0161\u00edm projevem podpory pr\u00e1v\u011b ml\u010den\u00ed.<\/p>\n\n\n\n<p>Po chv\u00edli pustila r\u00e1m dve\u0159\u00ed a narovnala se. Jako by ze sebe odlo\u017eila mal\u00fd, ale t\u011b\u017ek\u00fd k\u00e1men. Oto\u010dila se ke mn\u011b a v jej\u00edch o\u010d\u00edch bylo cosi klidn\u011bj\u0161\u00edho, i kdy\u017e ne nutn\u011b \u0161\u0165astn\u00e9ho. Sp\u00ed\u0161 \u00faleva z toho, \u017ee pravda nez\u016fstala uv\u011bzn\u011bn\u00e1 uvnit\u0159.<\/p>\n\n\n\n<p>Ten okam\u017eik mi z\u016fstal v pam\u011bti. Ne kv\u016fli tomu, co p\u0159esn\u011b \u0159ekla, ale kv\u016fli tomu, jak to \u0159ekla. Proto\u017ee n\u011bkdy pr\u00e1v\u011b \u0161epot prozrad\u00ed v\u00edc ne\u017e k\u0159ik.<\/p>\n","protected":false},"excerpt":{"rendered":"Bylo to uprost\u0159ed v\u011bty, v okam\u017eiku, kdy jsem si myslel, \u017ee u\u017e \u0159ekla v\u0161echno podstatn\u00e9. Jej\u00ed hlas byl do t\u00e9 chv\u00edle pevn\u00fd, mo\u017en\u00e1 \n<a class=\"moretag\" href=\"https:\/\/harcum.am\/?p=3633\"> [...]<\/a>","protected":false},"author":1,"featured_media":3634,"comment_status":"open","ping_status":"open","sticky":false,"template":"","format":"standard","meta":{"footnotes":""},"categories":[1],"tags":[],"class_list":["post-3633","post","type-post","status-publish","format-standard","has-post-thumbnail","hentry","category-news"],"views":699,"_links":{"self":[{"href":"https:\/\/harcum.am\/index.php?rest_route=\/wp\/v2\/posts\/3633","targetHints":{"allow":["GET"]}}],"collection":[{"href":"https:\/\/harcum.am\/index.php?rest_route=\/wp\/v2\/posts"}],"about":[{"href":"https:\/\/harcum.am\/index.php?rest_route=\/wp\/v2\/types\/post"}],"author":[{"embeddable":true,"href":"https:\/\/harcum.am\/index.php?rest_route=\/wp\/v2\/users\/1"}],"replies":[{"embeddable":true,"href":"https:\/\/harcum.am\/index.php?rest_route=%2Fwp%2Fv2%2Fcomments&post=3633"}],"version-history":[{"count":1,"href":"https:\/\/harcum.am\/index.php?rest_route=\/wp\/v2\/posts\/3633\/revisions"}],"predecessor-version":[{"id":3635,"href":"https:\/\/harcum.am\/index.php?rest_route=\/wp\/v2\/posts\/3633\/revisions\/3635"}],"wp:featuredmedia":[{"embeddable":true,"href":"https:\/\/harcum.am\/index.php?rest_route=\/wp\/v2\/media\/3634"}],"wp:attachment":[{"href":"https:\/\/harcum.am\/index.php?rest_route=%2Fwp%2Fv2%2Fmedia&parent=3633"}],"wp:term":[{"taxonomy":"category","embeddable":true,"href":"https:\/\/harcum.am\/index.php?rest_route=%2Fwp%2Fv2%2Fcategories&post=3633"},{"taxonomy":"post_tag","embeddable":true,"href":"https:\/\/harcum.am\/index.php?rest_route=%2Fwp%2Fv2%2Ftags&post=3633"}],"curies":[{"name":"wp","href":"https:\/\/api.w.org\/{rel}","templated":true}]}}