{"id":3630,"date":"2026-01-22T19:36:24","date_gmt":"2026-01-22T19:36:24","guid":{"rendered":"https:\/\/harcum.am\/?p=3630"},"modified":"2026-01-22T19:36:25","modified_gmt":"2026-01-22T19:36:25","slug":"ten-hlas-na-druhem-konci-telefonu-byl-klidny-az-neprirozene-klidny","status":"publish","type":"post","link":"https:\/\/harcum.am\/?p=3630","title":{"rendered":"Ten hlas na druh\u00e9m konci telefonu byl klidn\u00fd. A\u017e nep\u0159irozen\u011b klidn\u00fd."},"content":{"rendered":"\n<p>Sed\u011bla jsem u kuchy\u0148sk\u00e9ho stolu a sledovala, jak se po povrchu vychladl\u00e9 k\u00e1vy tvo\u0159\u00ed tenk\u00fd film. Telefon jsem dr\u017eela u ucha, ale m\u011bla jsem pocit, jako by mezi n\u00e1mi byla obrovsk\u00e1 vzd\u00e1lenost. Jeho hlas zn\u011bl vyrovnan\u011b, t\u00e9m\u011b\u0159 mechanicky, bez zav\u00e1h\u00e1n\u00ed, bez emoc\u00ed. Pr\u00e1v\u011b ta absence citu ve mn\u011b vyvolala neklid.<\/p>\n\n\n\n<figure class=\"wp-block-image size-full\"><img loading=\"lazy\" decoding=\"async\" width=\"819\" height=\"1024\" src=\"https:\/\/harcum.am\/wp-content\/uploads\/2026\/01\/image-99.png\" alt=\"\" class=\"wp-image-3631\" srcset=\"https:\/\/harcum.am\/wp-content\/uploads\/2026\/01\/image-99.png 819w, https:\/\/harcum.am\/wp-content\/uploads\/2026\/01\/image-99-240x300.png 240w, https:\/\/harcum.am\/wp-content\/uploads\/2026\/01\/image-99-768x960.png 768w\" sizes=\"auto, (max-width: 819px) 100vw, 819px\" \/><\/figure>\n\n\n\n<p>Odpov\u00eddal na ot\u00e1zky stru\u010dn\u011b, p\u0159esn\u011b, jako by od\u0159\u00edk\u00e1val nau\u010den\u00fd text. Ka\u017ed\u00e1 v\u011bta byla spr\u00e1vn\u00e1, uhlazen\u00e1, ale pr\u00e1zdn\u00e1. V pauz\u00e1ch mezi slovy jsem sly\u0161ela cosi jin\u00e9ho \u2013 ticho, kter\u00e9 nebylo klidn\u00e9, ale napjat\u00e9, p\u0159ipraven\u00e9 prasknout. P\u0159istihla jsem se, \u017ee se boj\u00edm zeptat na to, co bylo zjevn\u00e9.<\/p>\n\n\n\n<p>Za oknem projelo auto a jeho sv\u011btla na okam\u017eik osv\u00edtila st\u011bnu. Ten kr\u00e1tk\u00fd z\u00e1blesk mi p\u0159ipomn\u011bl, jak rychle se m\u016f\u017ee zm\u011bnit oby\u010dejn\u00fd ve\u010der. V\u0161echno ve mn\u011b k\u0159i\u010delo, \u017ee ten klid nen\u00ed skute\u010dn\u00fd, \u017ee je to jen maska, pe\u010dliv\u011b nasazen\u00e1, aby zakryla n\u011bco mnohem temn\u011bj\u0161\u00edho.<\/p>\n\n\n\n<p>Sna\u017eila jsem se mluvit pomalu, opatrn\u011b, volit slova, kter\u00e1 by ho netla\u010dila do kouta. P\u0159esto jsem c\u00edtila, jak se mi sv\u00edr\u00e1 \u017ealudek. \u010c\u00edm v\u00edc z\u016fst\u00e1val klidn\u00fd, t\u00edm v\u00edc jsem si uv\u011bdomovala, \u017ee n\u011bkde hluboko v n\u011bm se odehr\u00e1v\u00e1 bou\u0159e. Lid\u00e9 nek\u0159i\u010d\u00ed v\u017edycky tehdy, kdy\u017e je nejh\u016f\u0159. N\u011bkdy ztichnou.<\/p>\n\n\n\n<p>Zeptala jsem se, jestli je v\u0161echno v po\u0159\u00e1dku. Odpov\u011b\u010f p\u0159i\u0161la okam\u017eit\u011b. Ano. Kr\u00e1tk\u00e9, pevn\u00e9, bez jedin\u00e9 praskliny. A pr\u00e1v\u011b to slovo m\u011b vyd\u011bsilo nejv\u00edc. Ne to, co \u0159ekl, ale jak to \u0159ekl. Jako by u\u017e d\u00e1vno p\u0159estal \u010dekat, \u017ee by mu n\u011bkdo mohl pomoci.<\/p>\n\n\n\n<p>Op\u0159ela jsem se na \u017eidli a zav\u0159ela o\u010di. Uv\u011bdomila jsem si, jak m\u00e1lo sta\u010d\u00ed, aby se \u010dlov\u011bk c\u00edtil s\u00e1m, i kdy\u017e s n\u011bk\u00fdm mluv\u00ed. Telefon spojoval na\u0161e hlasy, ale ne na\u0161e sv\u011bty. Cht\u011bla jsem nat\u00e1hnout ruku skrz sluch\u00e1tko a p\u0159ipomenout mu, \u017ee v tom nen\u00ed s\u00e1m.<\/p>\n\n\n\n<p>Nakonec jsem mu ne\u0159ekla \u017e\u00e1dnou chytrou radu. Jen jsem z\u016fstala na lince. D\u00fdchala jsem s n\u00edm. Nechala jsem ticho, aby mezi n\u00e1mi existovalo, ani\u017e bych ho zapl\u0148ovala slovy. Po chv\u00edli se jeho hlas zm\u011bnil. Sotva znateln\u011b, ale dost na to, abych to poznala. Klid povolil.<\/p>\n\n\n\n<p>Kdy\u017e jsme se rozlou\u010dili, telefon ztichl, ale ve mn\u011b n\u011bco z\u016fstalo. Pochopen\u00ed, \u017ee nejv\u011bt\u0161\u00ed varov\u00e1n\u00ed \u010dasto nep\u0159ich\u00e1z\u00ed jako k\u0159ik, ale jako p\u0159\u00edli\u0161 dokonal\u00fd klid. A \u017ee n\u011bkdy to nejd\u016fle\u017eit\u011bj\u0161\u00ed, co m\u016f\u017eeme druh\u00e9mu d\u00e1t, nen\u00ed odpov\u011b\u010f, ale p\u0159\u00edtomnost.<\/p>\n","protected":false},"excerpt":{"rendered":"Sed\u011bla jsem u kuchy\u0148sk\u00e9ho stolu a sledovala, jak se po povrchu vychladl\u00e9 k\u00e1vy tvo\u0159\u00ed tenk\u00fd film. Telefon jsem dr\u017eela u ucha, ale m\u011bla \n<a class=\"moretag\" href=\"https:\/\/harcum.am\/?p=3630\"> [...]<\/a>","protected":false},"author":1,"featured_media":3631,"comment_status":"open","ping_status":"open","sticky":false,"template":"","format":"standard","meta":{"footnotes":""},"categories":[1],"tags":[],"class_list":["post-3630","post","type-post","status-publish","format-standard","has-post-thumbnail","hentry","category-news"],"views":823,"_links":{"self":[{"href":"https:\/\/harcum.am\/index.php?rest_route=\/wp\/v2\/posts\/3630","targetHints":{"allow":["GET"]}}],"collection":[{"href":"https:\/\/harcum.am\/index.php?rest_route=\/wp\/v2\/posts"}],"about":[{"href":"https:\/\/harcum.am\/index.php?rest_route=\/wp\/v2\/types\/post"}],"author":[{"embeddable":true,"href":"https:\/\/harcum.am\/index.php?rest_route=\/wp\/v2\/users\/1"}],"replies":[{"embeddable":true,"href":"https:\/\/harcum.am\/index.php?rest_route=%2Fwp%2Fv2%2Fcomments&post=3630"}],"version-history":[{"count":1,"href":"https:\/\/harcum.am\/index.php?rest_route=\/wp\/v2\/posts\/3630\/revisions"}],"predecessor-version":[{"id":3632,"href":"https:\/\/harcum.am\/index.php?rest_route=\/wp\/v2\/posts\/3630\/revisions\/3632"}],"wp:featuredmedia":[{"embeddable":true,"href":"https:\/\/harcum.am\/index.php?rest_route=\/wp\/v2\/media\/3631"}],"wp:attachment":[{"href":"https:\/\/harcum.am\/index.php?rest_route=%2Fwp%2Fv2%2Fmedia&parent=3630"}],"wp:term":[{"taxonomy":"category","embeddable":true,"href":"https:\/\/harcum.am\/index.php?rest_route=%2Fwp%2Fv2%2Fcategories&post=3630"},{"taxonomy":"post_tag","embeddable":true,"href":"https:\/\/harcum.am\/index.php?rest_route=%2Fwp%2Fv2%2Ftags&post=3630"}],"curies":[{"name":"wp","href":"https:\/\/api.w.org\/{rel}","templated":true}]}}